{"id":119026,"date":"2019-11-28T11:33:44","date_gmt":"2019-11-28T16:33:44","guid":{"rendered":"https:\/\/www.prwrestling.com\/nw\/?p=119026"},"modified":"2019-11-28T11:38:41","modified_gmt":"2019-11-28T16:38:41","slug":"cass-explica-por-que-fue-despedido-de-la-wwe","status":"publish","type":"post","link":"https:\/\/www.prwrestling.com\/nw\/cass-explica-por-que-fue-despedido-de-la-wwe\/","title":{"rendered":"Cass explica por qu\u00e9 fue despedido de la WWE"},"content":{"rendered":"<p>El ex luchador de la WWE Big Cas, hoy conocido como \u201cCazXL\u201d fue recientemente invitado en &#8220;Talk is Jericho&#8221; en donde habl\u00f3 sobre sus problemas de salud mental que llevaron a su despido de la WWE y m\u00e1s. <!--more--><\/p>\n<p>Sobre lo que llev\u00f3 a su liberaci\u00f3n de contrato:<br \/>\n<div id=\"ad-slot\" style=\"min-width: 300px; min-height: 250px;\">\r\n<p style=\"text-align: center;\">\r\n<script async src=\"https:\/\/pagead2.googlesyndication.com\/pagead\/js\/adsbygoogle.js\"><\/script>\r\n<!-- 300x250 sc a -->\r\n<ins class=\"adsbygoogle\"\r\n     style=\"display:inline-block;width:300px;height:250px\"\r\n     data-ad-client=\"ca-pub-1244235910658811\"\r\n     data-ad-slot=\"8592682546\"><\/ins>\r\n<script>\r\n     (adsbygoogle = window.adsbygoogle || []).push({});\r\n<\/script><\/center>\r\n<\/p><\/div><br \/>\n\u201cSimplemente perd\u00ed la cabeza al final. Estaba luchando con algunas cosas, con algunos problemas de salud mental de los que no habl\u00e9, o no se lo dije a nadie, hab\u00eda como dos personas. Estaba fuera de control, beb\u00eda mucho, tomaba decisiones muy, muy malas, sal\u00eda del libreto en la televisi\u00f3n en vivo, lo cual fue un error muy, muy grande.<\/p>\n<p>Uno de los sucesos de Cass en la WWE fue cuando se sali\u00f3 del libreto en un ataque a un luchador peque\u00f1o que imitaba a Daniel Bryan.<\/p>\n<p>\u201cCuando le di el botazo a la peque\u00f1a persona, mir\u00e9 a la multitud y, este segmento fue dise\u00f1ado para obtener mega calor, y despu\u00e9s de hacer eso mir\u00e9 a la multitud y, para ser sincero, dir\u00eda que la mitad de la gente se re\u00eda, creo que pensaron que era divertido. Y en mi mente, estaba pensando, esto no es lo que quieren detr\u00e1s de la cortina. Esto fue dise\u00f1ado espec\u00edficamente para hacerme sentir, uber, uber odiado.&#8221;<\/p>\n<p>\u201cEntonces, entr\u00e9 en p\u00e1nico porque pens\u00e9, \u2018esta no es la reacci\u00f3n que quieren\u2019, as\u00ed que hice lo que pens\u00e9 que era correcto [segu\u00ed golpeando a la peque\u00f1a persona]. Y cuando volv\u00ed a traves de la cortina en la parte de atr\u00e1s, fue muy, muy malo. Fue una mala noche para m\u00ed.\u201d<br \/>\n<iframe loading=\"lazy\" width=\"560\" height=\"315\" src=\"https:\/\/www.youtube.com\/embed\/e_imGDjCIuQ\" frameborder=\"0\" allow=\"accelerometer; autoplay; encrypted-media; gyroscope; picture-in-picture\" allowfullscreen><\/iframe><\/p>\n","protected":false},"excerpt":{"rendered":"<p>El ex luchador de la WWE Big Cas, hoy conocido como \u201cCazXL\u201d fue recientemente invitado en &#8220;Talk is Jericho&#8221; en donde habl\u00f3 sobre sus problemas de salud mental que llevaron a su despido de la WWE y m\u00e1s.<\/p>\n","protected":false},"author":1,"featured_media":109843,"comment_status":"open","ping_status":"closed","sticky":false,"template":"","format":"standard","meta":{"footnotes":""},"categories":[5,38],"tags":[1916,9],"class_list":{"0":"post-119026","1":"post","2":"type-post","3":"status-publish","4":"format-standard","5":"has-post-thumbnail","7":"category-noticias","8":"category-noticias-y-rumores-de-la-wwe","9":"tag-big-cass","10":"tag-wwe"},"_links":{"self":[{"href":"https:\/\/www.prwrestling.com\/nw\/wp-json\/wp\/v2\/posts\/119026","targetHints":{"allow":["GET"]}}],"collection":[{"href":"https:\/\/www.prwrestling.com\/nw\/wp-json\/wp\/v2\/posts"}],"about":[{"href":"https:\/\/www.prwrestling.com\/nw\/wp-json\/wp\/v2\/types\/post"}],"author":[{"embeddable":true,"href":"https:\/\/www.prwrestling.com\/nw\/wp-json\/wp\/v2\/users\/1"}],"replies":[{"embeddable":true,"href":"https:\/\/www.prwrestling.com\/nw\/wp-json\/wp\/v2\/comments?post=119026"}],"version-history":[{"count":2,"href":"https:\/\/www.prwrestling.com\/nw\/wp-json\/wp\/v2\/posts\/119026\/revisions"}],"predecessor-version":[{"id":119029,"href":"https:\/\/www.prwrestling.com\/nw\/wp-json\/wp\/v2\/posts\/119026\/revisions\/119029"}],"wp:featuredmedia":[{"embeddable":true,"href":"https:\/\/www.prwrestling.com\/nw\/wp-json\/wp\/v2\/media\/109843"}],"wp:attachment":[{"href":"https:\/\/www.prwrestling.com\/nw\/wp-json\/wp\/v2\/media?parent=119026"}],"wp:term":[{"taxonomy":"category","embeddable":true,"href":"https:\/\/www.prwrestling.com\/nw\/wp-json\/wp\/v2\/categories?post=119026"},{"taxonomy":"post_tag","embeddable":true,"href":"https:\/\/www.prwrestling.com\/nw\/wp-json\/wp\/v2\/tags?post=119026"}],"curies":[{"name":"wp","href":"https:\/\/api.w.org\/{rel}","templated":true}]}}