{"id":119197,"date":"2019-12-03T23:04:14","date_gmt":"2019-12-04T04:04:14","guid":{"rendered":"https:\/\/www.prwrestling.com\/nw\/?p=119197"},"modified":"2019-12-03T23:08:42","modified_gmt":"2019-12-04T04:08:42","slug":"wada-barrett-regresa-a-la-escena-de-la-lucha-libre","status":"publish","type":"post","link":"https:\/\/www.prwrestling.com\/nw\/wada-barrett-regresa-a-la-escena-de-la-lucha-libre\/","title":{"rendered":"Wade Barrett regresa a la escena de la lucha libre"},"content":{"rendered":"<p>La ex superestrella de la WWE Stu Bennett (Bad News Barrett) se une al equipo de comentarios de la NWA.<!--more--><\/p>\n<p>Como se vi\u00f3 al final del episodio Powerrr de esta semana, el campe\u00f3n de peso pesado de la NWA Nick Aldis revel\u00f3 que Bennett se unir\u00e1 al equipo de comentarios de la NWA en el evento Into The Fire el s\u00e1bado 14 de diciembre.<br \/>\n <div id=\"ad-slot\" style=\"min-width: 300px; min-height: 250px;\">\r\n<p style=\"text-align: center;\">\r\n<script async src=\"https:\/\/pagead2.googlesyndication.com\/pagead\/js\/adsbygoogle.js\"><\/script>\r\n<!-- 300x250 sc a -->\r\n<ins class=\"adsbygoogle\"\r\n     style=\"display:inline-block;width:300px;height:250px\"\r\n     data-ad-client=\"ca-pub-1244235910658811\"\r\n     data-ad-slot=\"8592682546\"><\/ins>\r\n<script>\r\n     (adsbygoogle = window.adsbygoogle || []).push({});\r\n<\/script><\/center>\r\n<\/p><\/div><br \/>\nBennett comentar\u00e1 a la acci\u00f3n semanal de la NWA con Joe Galli, en reemplazo de Jim Cornette. Cornette recientemente se separ\u00f3 de NWA despu\u00e9s de que fue acusado de hacer un comentario racista en un programa. El episodio Powerrr de esta semana fue el episodio final con Cornette.<\/p>\n<blockquote class=\"twitter-tweet\">\n<p lang=\"en\" dir=\"ltr\"><a href=\"https:\/\/twitter.com\/hashtag\/BREAKING?src=hash&amp;ref_src=twsrc%5Etfw\" target=\"_blank\" rel=\"noopener\">#BREAKING<\/a><\/p>\n<p>Joining the <a href=\"https:\/\/twitter.com\/nwa?ref_src=twsrc%5Etfw\" target=\"_blank\" rel=\"noopener\">@NWA<\/a> Broadcast team starting at <a href=\"https:\/\/twitter.com\/hashtag\/IntoTheFire?src=hash&amp;ref_src=twsrc%5Etfw\" target=\"_blank\" rel=\"noopener\">#IntoTheFire<\/a> is&#8230; <a href=\"https:\/\/twitter.com\/StuBennett?ref_src=twsrc%5Etfw\" target=\"_blank\" rel=\"noopener\">@StuBennett<\/a><\/p>\n<p>Order the PPV now at a special price &#8211; <a href=\"https:\/\/t.co\/QnudYUSokE\">https:\/\/t.co\/QnudYUSokE<\/a><a href=\"https:\/\/twitter.com\/hashtag\/NWAPowerrr?src=hash&amp;ref_src=twsrc%5Etfw\" target=\"_blank\" rel=\"noopener\">#NWAPowerrr<\/a> &#8211; <a href=\"https:\/\/t.co\/ZXdA5sbcyy\">https:\/\/t.co\/ZXdA5sbcyy<\/a> <a href=\"https:\/\/t.co\/B4Dgr9MOJG\">pic.twitter.com\/B4Dgr9MOJG<\/a><\/p>\n<p>&mdash; NWA (@nwa) <a href=\"https:\/\/twitter.com\/nwa\/status\/1202011642013405189?ref_src=twsrc%5Etfw\" target=\"_blank\" rel=\"noopener\">December 3, 2019<\/a><\/p><\/blockquote>\n<p> <script async src=\"https:\/\/platform.twitter.com\/widgets.js\" charset=\"utf-8\"><\/script><\/p>\n","protected":false},"excerpt":{"rendered":"<p>La ex superestrella de la WWE Stu Bennett (Bad News Barrett) se une al equipo de comentarios de la NWA.<\/p>\n","protected":false},"author":1,"featured_media":839,"comment_status":"open","ping_status":"closed","sticky":false,"template":"","format":"standard","meta":{"footnotes":""},"categories":[5],"tags":[2607],"class_list":{"0":"post-119197","1":"post","2":"type-post","3":"status-publish","4":"format-standard","5":"has-post-thumbnail","7":"category-noticias","8":"tag-nwa"},"_links":{"self":[{"href":"https:\/\/www.prwrestling.com\/nw\/wp-json\/wp\/v2\/posts\/119197","targetHints":{"allow":["GET"]}}],"collection":[{"href":"https:\/\/www.prwrestling.com\/nw\/wp-json\/wp\/v2\/posts"}],"about":[{"href":"https:\/\/www.prwrestling.com\/nw\/wp-json\/wp\/v2\/types\/post"}],"author":[{"embeddable":true,"href":"https:\/\/www.prwrestling.com\/nw\/wp-json\/wp\/v2\/users\/1"}],"replies":[{"embeddable":true,"href":"https:\/\/www.prwrestling.com\/nw\/wp-json\/wp\/v2\/comments?post=119197"}],"version-history":[{"count":3,"href":"https:\/\/www.prwrestling.com\/nw\/wp-json\/wp\/v2\/posts\/119197\/revisions"}],"predecessor-version":[{"id":119201,"href":"https:\/\/www.prwrestling.com\/nw\/wp-json\/wp\/v2\/posts\/119197\/revisions\/119201"}],"wp:featuredmedia":[{"embeddable":true,"href":"https:\/\/www.prwrestling.com\/nw\/wp-json\/wp\/v2\/media\/839"}],"wp:attachment":[{"href":"https:\/\/www.prwrestling.com\/nw\/wp-json\/wp\/v2\/media?parent=119197"}],"wp:term":[{"taxonomy":"category","embeddable":true,"href":"https:\/\/www.prwrestling.com\/nw\/wp-json\/wp\/v2\/categories?post=119197"},{"taxonomy":"post_tag","embeddable":true,"href":"https:\/\/www.prwrestling.com\/nw\/wp-json\/wp\/v2\/tags?post=119197"}],"curies":[{"name":"wp","href":"https:\/\/api.w.org\/{rel}","templated":true}]}}