{"id":119246,"date":"2019-12-05T13:15:50","date_gmt":"2019-12-05T18:15:50","guid":{"rendered":"https:\/\/www.prwrestling.com\/nw\/?p=119246"},"modified":"2019-12-05T13:15:50","modified_gmt":"2019-12-05T18:15:50","slug":"razon-por-la-cual-wwe-no-despide-a-jeff-hardy","status":"publish","type":"post","link":"https:\/\/www.prwrestling.com\/nw\/razon-por-la-cual-wwe-no-despide-a-jeff-hardy\/","title":{"rendered":"Raz\u00f3n por la cual WWE no despide a Jeff Hardy"},"content":{"rendered":"<p>Durante el audio de PW Insider Elite, se le pregunt\u00f3 a Mike Johnson por qu\u00e9 WWE no ha despedido a Jeff Hardy. <!--more-->Despu\u00e9s de otro arresto por DUI, Hardy est\u00e1 trabajando en s\u00ed mismo ante la fuerte sugerencia de WWE.<br \/>\n<div id=\"ad-slot\" style=\"min-width: 300px; min-height: 250px;\">\r\n<p style=\"text-align: center;\">\r\n<script async src=\"https:\/\/pagead2.googlesyndication.com\/pagead\/js\/adsbygoogle.js\"><\/script>\r\n<!-- 300x250 sc a -->\r\n<ins class=\"adsbygoogle\"\r\n     style=\"display:inline-block;width:300px;height:250px\"\r\n     data-ad-client=\"ca-pub-1244235910658811\"\r\n     data-ad-slot=\"8592682546\"><\/ins>\r\n<script>\r\n     (adsbygoogle = window.adsbygoogle || []).push({});\r\n<\/script><\/center>\r\n<\/p><\/div><br \/>\n&#8220;El acuerdo de Jeff Hardy est\u00e1 congelado porque est\u00e1 lastimado. Entonces, han agregado tiempo, as\u00ed que, \u00bfpor qu\u00e9 WWE lo despedir\u00edan si pueden retenerlo a\u00fan m\u00e1s? Como sabemos, Jeff est\u00e1 en medio de otro dilema legal. Puedo decirles de una fuente muy cercana a la situaci\u00f3n que la WWE le implor\u00f3 fuertemente a Jeff que se ocupara de su salud y nos dijeron que Jeff est\u00e1 haciendo eso y realmente se lanz\u00f3 de manera agresiva &#8220;.<\/p>\n<p>&#8220;Entonces, no puedes despedir al tipo cuando hace lo que le pides que haga. Veremos qu\u00e9 sucede cuando vaya a la corte &#8220;.<\/p>\n<p>Jeff Hardy est\u00e1 programado para ir a la corte hoy, 5 de diciembre de 2019. Se supon\u00eda que deb\u00eda lidiar con su arresto por DUI el mes pasado, pero se movi\u00f3 mientras se concentraba en su salud.<\/p>\n","protected":false},"excerpt":{"rendered":"<p>Durante el audio de PW Insider Elite, se le pregunt\u00f3 a Mike Johnson por qu\u00e9 WWE no ha despedido a Jeff Hardy.<\/p>\n","protected":false},"author":1,"featured_media":10181,"comment_status":"open","ping_status":"closed","sticky":false,"template":"","format":"standard","meta":{"footnotes":""},"categories":[5,38],"tags":[1725,9],"class_list":{"0":"post-119246","1":"post","2":"type-post","3":"status-publish","4":"format-standard","5":"has-post-thumbnail","7":"category-noticias","8":"category-noticias-y-rumores-de-la-wwe","9":"tag-jeff-hardy","10":"tag-wwe"},"_links":{"self":[{"href":"https:\/\/www.prwrestling.com\/nw\/wp-json\/wp\/v2\/posts\/119246","targetHints":{"allow":["GET"]}}],"collection":[{"href":"https:\/\/www.prwrestling.com\/nw\/wp-json\/wp\/v2\/posts"}],"about":[{"href":"https:\/\/www.prwrestling.com\/nw\/wp-json\/wp\/v2\/types\/post"}],"author":[{"embeddable":true,"href":"https:\/\/www.prwrestling.com\/nw\/wp-json\/wp\/v2\/users\/1"}],"replies":[{"embeddable":true,"href":"https:\/\/www.prwrestling.com\/nw\/wp-json\/wp\/v2\/comments?post=119246"}],"version-history":[{"count":1,"href":"https:\/\/www.prwrestling.com\/nw\/wp-json\/wp\/v2\/posts\/119246\/revisions"}],"predecessor-version":[{"id":119247,"href":"https:\/\/www.prwrestling.com\/nw\/wp-json\/wp\/v2\/posts\/119246\/revisions\/119247"}],"wp:featuredmedia":[{"embeddable":true,"href":"https:\/\/www.prwrestling.com\/nw\/wp-json\/wp\/v2\/media\/10181"}],"wp:attachment":[{"href":"https:\/\/www.prwrestling.com\/nw\/wp-json\/wp\/v2\/media?parent=119246"}],"wp:term":[{"taxonomy":"category","embeddable":true,"href":"https:\/\/www.prwrestling.com\/nw\/wp-json\/wp\/v2\/categories?post=119246"},{"taxonomy":"post_tag","embeddable":true,"href":"https:\/\/www.prwrestling.com\/nw\/wp-json\/wp\/v2\/tags?post=119246"}],"curies":[{"name":"wp","href":"https:\/\/api.w.org\/{rel}","templated":true}]}}