{"id":119265,"date":"2019-12-06T08:02:09","date_gmt":"2019-12-06T13:02:09","guid":{"rendered":"https:\/\/www.prwrestling.com\/nw\/?p=119265"},"modified":"2019-12-06T08:04:42","modified_gmt":"2019-12-06T13:04:42","slug":"luchas-rumoradas-para-wwe-tlc","status":"publish","type":"post","link":"https:\/\/www.prwrestling.com\/nw\/luchas-rumoradas-para-wwe-tlc\/","title":{"rendered":"Luchas rumoradas para WWE TLC"},"content":{"rendered":"<p>El evento WWE TLC se celebra el 15 de diciembre y al momento no ha sido oficialmente anunciada  ninguna lucha.<!--more--><div id=\"ad-slot\" style=\"min-width: 300px; min-height: 250px;\">\r\n<p style=\"text-align: center;\">\r\n<!-- Site name: prwrestling.com\r\nZone name: prwrestling.com_banner_300x250\r\nZone id: 2109741734\r\nType: banner\r\nFormat: 300x250\r\n --> \r\n\r\n<!-- Copy and paste this code on the page. -->\r\n<div id='zone_2109741734' ><\/div>\r\n<script>\r\n    (function(w,d,o,g,r,a,m){\r\n        var cid='zone_2109741734';\r\n        w[r]=w[r]||function(){(w[r+'l']=w[r+'l']||[]).push(arguments)};\r\n        function e(b,w,r){if((w[r+'h']=b.pop())&&!w.ABN){\r\n            var a=d.createElement(o),p=d.getElementsByTagName(o)[0];a.async=1;\r\n            a.src='https:\/\/cdn.'+w[r+'h']+'\/libs\/e.js';a.onerror=function(){e(g,w,r)};\r\n            p.parentNode.insertBefore(a,p)}}e(g,w,r);\r\n        w[r](cid,{id:2109741734,domain:w[r+'h']});\r\n    })(window,document,'script',['traffmovie.com'],'ABNS');\r\n<\/script>\r\n\r\n<!--\r\nWhen setting the zone code, make sure:\r\n  - you have provided all domains from which the area code will be called\r\n  - the site does not limit the loading in the Content Security Policy\r\n  - the area code is installed in the ad space inside the page\r\n  - site layout allows you to display the banner on mobile devices in full size\r\nUse data-cp1={customParam1} data-cp2={customParam2}... attributes for sending custom params\r\n-->\r\n<\/p><\/div><br \/>\nSe espera que \u201cThe Fiend\u201d Bray Wyatt vs Daniel Bryan sea el evento estelar en un combate por el T\u00edtulo Universal. Tambi\u00e9n se espera que The New Day defiendan sus t\u00edtulos contra Robert Roode y Dolph Ziggler, pero el Observer reporta que esta podr\u00eda cambiar.<\/p>\n<p>Los choques que se esperan que se celebren para el evento son los siguientes:<\/p>\n<p>T\u00cdTULO UNIVERSAL<br \/>\nBray Wyatt &#8220;El Demonio&#8221; vs Daniel Bryan<\/p>\n<p>CAMPEONATOS EN PAREJA<br \/>\nNew Day contra Robert Roode y Dolph Ziggler<\/p>\n<p>CAMPEONATOS EN PAREJA<br \/>\nKabuki Warriors vs Becky Lynch y Charlotte Flair<\/p>\n<p>T\u00cdTULO INTERCONTINENTAL<br \/>\nShinsuke Nakamura vs Braun Strowman<\/p>\n<p>Rusev vs Bobby Lashley<\/p>\n<p>Randy Orton vs AJ Styles<\/p>\n<p>Kevin Owens vs Seth Rollins<\/p>\n","protected":false},"excerpt":{"rendered":"<p>El evento WWE TLC se celebra el 15 de diciembre y al momento no ha sido oficialmente anunciada ninguna lucha.<\/p>\n","protected":false},"author":1,"featured_media":118654,"comment_status":"open","ping_status":"closed","sticky":false,"template":"","format":"standard","meta":{"footnotes":""},"categories":[38],"tags":[9],"class_list":["post-119265","post","type-post","status-publish","format-standard","has-post-thumbnail","category-noticias-y-rumores-de-la-wwe","tag-wwe"],"_links":{"self":[{"href":"https:\/\/www.prwrestling.com\/nw\/wp-json\/wp\/v2\/posts\/119265","targetHints":{"allow":["GET"]}}],"collection":[{"href":"https:\/\/www.prwrestling.com\/nw\/wp-json\/wp\/v2\/posts"}],"about":[{"href":"https:\/\/www.prwrestling.com\/nw\/wp-json\/wp\/v2\/types\/post"}],"author":[{"embeddable":true,"href":"https:\/\/www.prwrestling.com\/nw\/wp-json\/wp\/v2\/users\/1"}],"replies":[{"embeddable":true,"href":"https:\/\/www.prwrestling.com\/nw\/wp-json\/wp\/v2\/comments?post=119265"}],"version-history":[{"count":2,"href":"https:\/\/www.prwrestling.com\/nw\/wp-json\/wp\/v2\/posts\/119265\/revisions"}],"predecessor-version":[{"id":119268,"href":"https:\/\/www.prwrestling.com\/nw\/wp-json\/wp\/v2\/posts\/119265\/revisions\/119268"}],"wp:featuredmedia":[{"embeddable":true,"href":"https:\/\/www.prwrestling.com\/nw\/wp-json\/wp\/v2\/media\/118654"}],"wp:attachment":[{"href":"https:\/\/www.prwrestling.com\/nw\/wp-json\/wp\/v2\/media?parent=119265"}],"wp:term":[{"taxonomy":"category","embeddable":true,"href":"https:\/\/www.prwrestling.com\/nw\/wp-json\/wp\/v2\/categories?post=119265"},{"taxonomy":"post_tag","embeddable":true,"href":"https:\/\/www.prwrestling.com\/nw\/wp-json\/wp\/v2\/tags?post=119265"}],"curies":[{"name":"wp","href":"https:\/\/api.w.org\/{rel}","templated":true}]}}