{"id":119295,"date":"2019-12-07T06:46:50","date_gmt":"2019-12-07T11:46:50","guid":{"rendered":"https:\/\/www.prwrestling.com\/nw\/?p=119295"},"modified":"2019-12-07T06:57:36","modified_gmt":"2019-12-07T11:57:36","slug":"pr-banderas-y-mecha-wolf-en-accion-hoy-en-cierre-de-temporada-de-wwc","status":"publish","type":"post","link":"https:\/\/www.prwrestling.com\/nw\/pr-banderas-y-mecha-wolf-en-accion-hoy-en-cierre-de-temporada-de-wwc\/","title":{"rendered":"PR: Banderas y Mecha Wolf en acci\u00f3n hoy en cierre de temporada de WWC"},"content":{"rendered":"<p>WWC presenta Lockout, su cierre de temporada, hoy s\u00e1bado desde las 8:30pm en el coliseo Rub\u00e9n Rodr\u00edguez de Bayam\u00f3n.<!--more--><br \/>\n<div id=\"ad-slot\" style=\"min-width: 300px; min-height: 250px;\">\r\n<p style=\"text-align: center;\">\r\n<script async src=\"https:\/\/pagead2.googlesyndication.com\/pagead\/js\/adsbygoogle.js\"><\/script>\r\n<!-- 300x250 sc a -->\r\n<ins class=\"adsbygoogle\"\r\n     style=\"display:inline-block;width:300px;height:250px\"\r\n     data-ad-client=\"ca-pub-1244235910658811\"\r\n     data-ad-slot=\"8592682546\"><\/ins>\r\n<script>\r\n     (adsbygoogle = window.adsbygoogle || []).push({});\r\n<\/script><\/center>\r\n<\/p><\/div><br \/>\nEn el encuentro estelar<br \/>\nCombate de ensue\u00f1o por el Campeonato Universal&#8230;<br \/>\nOrlando &#8220;La Pesadilla&#8221; Col\u00f3n (c) Vs Mechawolf 450<\/p>\n<p>Lucha ordenada por Ray Gonz\u00e1lez con la Silla a 15 pies de altura&#8230;<br \/>\n&#8220;El Mes\u00edas&#8221; Ricky Banderas vs &#8220;The Precious One&#8221; Gilbert<\/p>\n<p>Por el campeonato de Puerto Rico<br \/>\nY Pedro Portillo NO puede estar en la esquina<br \/>\n&#8220;El Campe\u00f3n del Pueblo&#8221; Bellito Calder\u00f3n vs &#8220;El Poder\u00edo&#8221; Mighty Ursus (c)<\/p>\n<p>Revancha<br \/>\nPor el campeonato mundial en parejas<br \/>\nLa Revoluci\u00f3n (c) vs &#8220;Los Hagmans&#8221; Khaos y Abbadon (acompa\u00f1ados por Pedro Portillo III)<\/p>\n<p>Mano a Mano<br \/>\n&#8220;El Ilegal&#8221; Chicano vs El Gran Armando (acompa\u00f1ado por el Wizard)<\/p>\n<p>Reto Abierto<br \/>\n&#8220;El Alma Perdida&#8221; Xavant con un reto abierto \u00bfqui\u00e9n aceptar\u00e1?<\/p>\n<p>Frente a Frente<br \/>\n&#8220;El Gigante&#8221; Nihan (acompa\u00f1ado por Juan Manuel Ortega) vs Pedro Portillo III<\/p>\n<p>Cara a Cara<br \/>\nZcion RT1 vs &#8220;El Hombre Bestia&#8221; Enyel<\/p>\n<p>Ademas el Carlito&#8217;s Cabana con Orlando y Eddie Col\u00f3n de invitados.<\/p>\n","protected":false},"excerpt":{"rendered":"<p>WWC presenta Lockout, su cierre de temporada, hoy s\u00e1bado desde las 8:30pm en el coliseo Rub\u00e9n Rodr\u00edguez de Bayam\u00f3n.<\/p>\n","protected":false},"author":1,"featured_media":119297,"comment_status":"open","ping_status":"closed","sticky":false,"template":"","format":"standard","meta":{"footnotes":""},"categories":[5],"tags":[34],"class_list":{"0":"post-119295","1":"post","2":"type-post","3":"status-publish","4":"format-standard","5":"has-post-thumbnail","7":"category-noticias","8":"tag-wwc"},"_links":{"self":[{"href":"https:\/\/www.prwrestling.com\/nw\/wp-json\/wp\/v2\/posts\/119295","targetHints":{"allow":["GET"]}}],"collection":[{"href":"https:\/\/www.prwrestling.com\/nw\/wp-json\/wp\/v2\/posts"}],"about":[{"href":"https:\/\/www.prwrestling.com\/nw\/wp-json\/wp\/v2\/types\/post"}],"author":[{"embeddable":true,"href":"https:\/\/www.prwrestling.com\/nw\/wp-json\/wp\/v2\/users\/1"}],"replies":[{"embeddable":true,"href":"https:\/\/www.prwrestling.com\/nw\/wp-json\/wp\/v2\/comments?post=119295"}],"version-history":[{"count":1,"href":"https:\/\/www.prwrestling.com\/nw\/wp-json\/wp\/v2\/posts\/119295\/revisions"}],"predecessor-version":[{"id":119298,"href":"https:\/\/www.prwrestling.com\/nw\/wp-json\/wp\/v2\/posts\/119295\/revisions\/119298"}],"wp:featuredmedia":[{"embeddable":true,"href":"https:\/\/www.prwrestling.com\/nw\/wp-json\/wp\/v2\/media\/119297"}],"wp:attachment":[{"href":"https:\/\/www.prwrestling.com\/nw\/wp-json\/wp\/v2\/media?parent=119295"}],"wp:term":[{"taxonomy":"category","embeddable":true,"href":"https:\/\/www.prwrestling.com\/nw\/wp-json\/wp\/v2\/categories?post=119295"},{"taxonomy":"post_tag","embeddable":true,"href":"https:\/\/www.prwrestling.com\/nw\/wp-json\/wp\/v2\/tags?post=119295"}],"curies":[{"name":"wp","href":"https:\/\/api.w.org\/{rel}","templated":true}]}}