{"id":119300,"date":"2019-12-07T07:14:31","date_gmt":"2019-12-07T12:14:31","guid":{"rendered":"https:\/\/www.prwrestling.com\/nw\/?p=119300"},"modified":"2019-12-07T07:14:31","modified_gmt":"2019-12-07T12:14:31","slug":"wyatt-no-el-fiend-luchara-en-tlc","status":"publish","type":"post","link":"https:\/\/www.prwrestling.com\/nw\/wyatt-no-el-fiend-luchara-en-tlc\/","title":{"rendered":"Wyatt, no el &#8220;Fiend&#8221;, luchar\u00e1 en TLC"},"content":{"rendered":"<p>Parece que &#8220;The Fiend&#8221; no defender\u00e1 su T\u00edtulo Universal en WWE TLC, pero esto no significa que Bray Wyatt no estar\u00e1 en acci\u00f3n.<!--more--><\/p>\n<p>WWE anunci\u00f3 en SmackDown que The Miz vs. Wyatt tendr\u00e1 lugar en TLC en una lucha no titular. Tambi\u00e9n parece que Wyatt luchar\u00e1 como \u00e9l mismo, y no como The Fiend.<div id=\"ad-slot\" style=\"min-width: 300px; min-height: 250px;\">\r\n<p style=\"text-align: center;\">\r\n<script async src=\"https:\/\/pagead2.googlesyndication.com\/pagead\/js\/adsbygoogle.js\"><\/script>\r\n<!-- 300x250 sc a -->\r\n<ins class=\"adsbygoogle\"\r\n     style=\"display:inline-block;width:300px;height:250px\"\r\n     data-ad-client=\"ca-pub-1244235910658811\"\r\n     data-ad-slot=\"8592682546\"><\/ins>\r\n<script>\r\n     (adsbygoogle = window.adsbygoogle || []).push({});\r\n<\/script><\/center>\r\n<\/p><\/div><br \/>\n Originalmente se cre\u00eda que Daniel Bryan podr\u00eda retar a Wyatt en TLC, pero el Wrestling Observer Newsletter inform\u00f3 que WWE podr\u00eda retrasar a Bryan vs. Wyatt para que la historia se desarrolle, y celebrar Miz vs. Wyatt en su lugar.<br \/>\nMiz vs Wyatt se anunci\u00f3 luego de que The Miz se\u00f1alara en Miz TV que Bryan desapareci\u00f3. El Firehouse Funhouse interrumpi\u00f3 y Wyatt dijo que Bryan a\u00fan podr\u00eda estar con The Fiend, luego desafi\u00f3 a Miz a tomar el lugar de Bryan en TLC. Wyatt luego levant\u00f3 una foto de la familia de Miz. Miz estaba furioso y dej\u00f3 el ring para buscar a Wyatt.<\/p>\n<p>M\u00e1s adelante, The Miz estaba saliendo de la arena cuando vio una luz roja. Abri\u00f3 una puerta  y vio la misma foto de Miz y su familia, pero con Bray Wyatt en su lugar. De repente, Wyatt (no el Fiend) atac\u00f3 a Miz.<\/p>\n<p>WWE TLC 2019 se llevar\u00e1 a cabo el 15 de diciembre desde el Target Center en Minneapolis, Minnesota. <\/p>\n","protected":false},"excerpt":{"rendered":"<p>Parece que &#8220;The Fiend&#8221; no defender\u00e1 su T\u00edtulo Universal en WWE TLC, pero esto no significa que Bray Wyatt no estar\u00e1 en acci\u00f3n.<\/p>\n","protected":false},"author":1,"featured_media":119286,"comment_status":"open","ping_status":"closed","sticky":false,"template":"","format":"standard","meta":{"footnotes":""},"categories":[5,38],"tags":[1360,9],"class_list":{"0":"post-119300","1":"post","2":"type-post","3":"status-publish","4":"format-standard","5":"has-post-thumbnail","7":"category-noticias","8":"category-noticias-y-rumores-de-la-wwe","9":"tag-bray-wyatt","10":"tag-wwe"},"_links":{"self":[{"href":"https:\/\/www.prwrestling.com\/nw\/wp-json\/wp\/v2\/posts\/119300","targetHints":{"allow":["GET"]}}],"collection":[{"href":"https:\/\/www.prwrestling.com\/nw\/wp-json\/wp\/v2\/posts"}],"about":[{"href":"https:\/\/www.prwrestling.com\/nw\/wp-json\/wp\/v2\/types\/post"}],"author":[{"embeddable":true,"href":"https:\/\/www.prwrestling.com\/nw\/wp-json\/wp\/v2\/users\/1"}],"replies":[{"embeddable":true,"href":"https:\/\/www.prwrestling.com\/nw\/wp-json\/wp\/v2\/comments?post=119300"}],"version-history":[{"count":1,"href":"https:\/\/www.prwrestling.com\/nw\/wp-json\/wp\/v2\/posts\/119300\/revisions"}],"predecessor-version":[{"id":119301,"href":"https:\/\/www.prwrestling.com\/nw\/wp-json\/wp\/v2\/posts\/119300\/revisions\/119301"}],"wp:featuredmedia":[{"embeddable":true,"href":"https:\/\/www.prwrestling.com\/nw\/wp-json\/wp\/v2\/media\/119286"}],"wp:attachment":[{"href":"https:\/\/www.prwrestling.com\/nw\/wp-json\/wp\/v2\/media?parent=119300"}],"wp:term":[{"taxonomy":"category","embeddable":true,"href":"https:\/\/www.prwrestling.com\/nw\/wp-json\/wp\/v2\/categories?post=119300"},{"taxonomy":"post_tag","embeddable":true,"href":"https:\/\/www.prwrestling.com\/nw\/wp-json\/wp\/v2\/tags?post=119300"}],"curies":[{"name":"wp","href":"https:\/\/api.w.org\/{rel}","templated":true}]}}