{"id":119329,"date":"2019-12-08T15:49:34","date_gmt":"2019-12-08T20:49:34","guid":{"rendered":"https:\/\/www.prwrestling.com\/nw\/?p=119329"},"modified":"2024-12-28T00:20:45","modified_gmt":"2024-12-28T05:20:45","slug":"wwe-deja-libre-a-harper-y-sin-cara","status":"publish","type":"post","link":"https:\/\/www.prwrestling.com\/nw\/wwe-deja-libre-a-harper-y-sin-cara\/","title":{"rendered":"WWE deja libre a Harper, Ascention y Sin Cara"},"content":{"rendered":"<p>Actualizaci\u00f3n: The Ascention tambi\u00e9n fueron dejados en libertad hoy por la WWE.<\/p>\n<p>Via WWE.com:<!--more--><div id=\"ad-slot\" style=\"min-width: 300px; min-height: 250px;\">\r\n<p style=\"text-align: center;\">\r\n<script async src=\"https:\/\/pagead2.googlesyndication.com\/pagead\/js\/adsbygoogle.js\"><\/script>\r\n<!-- 300x250 sc a -->\r\n<ins class=\"adsbygoogle\"\r\n     style=\"display:inline-block;width:300px;height:250px\"\r\n     data-ad-client=\"ca-pub-1244235910658811\"\r\n     data-ad-slot=\"8592682546\"><\/ins>\r\n<script>\r\n     (adsbygoogle = window.adsbygoogle || []).push({});\r\n<\/script><\/center>\r\n<\/p><\/div><br \/>\n&#8220;WWE ha llegado a un acuerdo sobre la liberaci\u00f3n de Jonathan Huber (Luke Harper) y Sin Cara. WWE les desea todo lo mejor en sus planes futuros.&#8221;<\/p>\n<p>Sin Cara luego public\u00f3 un tweet anunciando que se le ha concedido su liberaci\u00f3n: &#8220;A partir de hoy se me ha concedido mi liberaci\u00f3n de WWE. Gracias al WWE Universe, ha sido una aventura incre\u00edble&#8221;.<\/p>\n<p>Harper hizo p\u00fablica su solicitud de liberaci\u00f3n el 16 de abril de este a\u00f1o, mientras que Sin Cara anunci\u00f3 p\u00fablicamente su solicitud el 11 de noviembre.<\/p>\n<blockquote class=\"twitter-tweet\">\n<p lang=\"en\" dir=\"ltr\">WWE has come to terms on the release of Jonathan Huber (Luke Harper).<a href=\"https:\/\/t.co\/IWUPvEKCnq\">https:\/\/t.co\/IWUPvEKCnq<\/a><\/p>\n<p>&mdash; WWE (@WWE) <a href=\"https:\/\/twitter.com\/WWE\/status\/1203767972352987137?ref_src=twsrc%5Etfw\" target=\"_blank\" rel=\"noopener\">December 8, 2019<\/a><\/p><\/blockquote>\n<p> <script async src=\"https:\/\/platform.twitter.com\/widgets.js\" charset=\"utf-8\"><\/script><br \/>\n<!-- Shortcode [b] does not exist --><\/p>\n<blockquote class=\"twitter-tweet\">\n<p lang=\"en\" dir=\"ltr\">WWE has come to terms on the release of Sin Cara.<a href=\"https:\/\/t.co\/YqxH8XBhdi\">https:\/\/t.co\/YqxH8XBhdi<\/a><\/p>\n<p>&mdash; WWE (@WWE) <a href=\"https:\/\/twitter.com\/WWE\/status\/1203753774139002881?ref_src=twsrc%5Etfw\" target=\"_blank\" rel=\"noopener\">December 8, 2019<\/a><\/p><\/blockquote>\n<p> <script async src=\"https:\/\/platform.twitter.com\/widgets.js\" charset=\"utf-8\"><\/script><\/p>\n","protected":false},"excerpt":{"rendered":"<p>Actualizaci\u00f3n: The Ascention tambi\u00e9n fueron dejados en libertad hoy por la WWE. Via WWE.com:<\/p>\n","protected":false},"author":1,"featured_media":112584,"comment_status":"open","ping_status":"closed","sticky":false,"template":"","format":"standard","meta":{"footnotes":""},"categories":[5,38],"tags":[2564],"class_list":{"0":"post-119329","1":"post","2":"type-post","3":"status-publish","4":"format-standard","5":"has-post-thumbnail","7":"category-noticias","8":"category-noticias-y-rumores-de-la-wwe","9":"tag-luke-harper"},"_links":{"self":[{"href":"https:\/\/www.prwrestling.com\/nw\/wp-json\/wp\/v2\/posts\/119329","targetHints":{"allow":["GET"]}}],"collection":[{"href":"https:\/\/www.prwrestling.com\/nw\/wp-json\/wp\/v2\/posts"}],"about":[{"href":"https:\/\/www.prwrestling.com\/nw\/wp-json\/wp\/v2\/types\/post"}],"author":[{"embeddable":true,"href":"https:\/\/www.prwrestling.com\/nw\/wp-json\/wp\/v2\/users\/1"}],"replies":[{"embeddable":true,"href":"https:\/\/www.prwrestling.com\/nw\/wp-json\/wp\/v2\/comments?post=119329"}],"version-history":[{"count":7,"href":"https:\/\/www.prwrestling.com\/nw\/wp-json\/wp\/v2\/posts\/119329\/revisions"}],"predecessor-version":[{"id":119337,"href":"https:\/\/www.prwrestling.com\/nw\/wp-json\/wp\/v2\/posts\/119329\/revisions\/119337"}],"wp:featuredmedia":[{"embeddable":true,"href":"https:\/\/www.prwrestling.com\/nw\/wp-json\/wp\/v2\/media\/112584"}],"wp:attachment":[{"href":"https:\/\/www.prwrestling.com\/nw\/wp-json\/wp\/v2\/media?parent=119329"}],"wp:term":[{"taxonomy":"category","embeddable":true,"href":"https:\/\/www.prwrestling.com\/nw\/wp-json\/wp\/v2\/categories?post=119329"},{"taxonomy":"post_tag","embeddable":true,"href":"https:\/\/www.prwrestling.com\/nw\/wp-json\/wp\/v2\/tags?post=119329"}],"curies":[{"name":"wp","href":"https:\/\/api.w.org\/{rel}","templated":true}]}}