{"id":119345,"date":"2019-12-08T21:47:53","date_gmt":"2019-12-09T02:47:53","guid":{"rendered":"https:\/\/www.prwrestling.com\/nw\/?p=119345"},"modified":"2019-12-08T21:48:22","modified_gmt":"2019-12-09T02:48:22","slug":"victoria-confiesa-no-le-gusto-su-estadia-en-tna","status":"publish","type":"post","link":"https:\/\/www.prwrestling.com\/nw\/victoria-confiesa-no-le-gusto-su-estadia-en-tna\/","title":{"rendered":"Victoria: &#8220;No me gust\u00f3 TNA&#8221;"},"content":{"rendered":"<p>Victoria (Lisa Marie Varon) habl\u00f3 sobre su campa\u00f1a en TNA, entre otros temas, en el podcast de Lilian Garcia.<!--more--><div id=\"ad-slot\" style=\"min-width: 300px; min-height: 250px;\">\r\n<p style=\"text-align: center;\">\r\n<script async src=\"https:\/\/pagead2.googlesyndication.com\/pagead\/js\/adsbygoogle.js\"><\/script>\r\n<!-- 300x250 sc a -->\r\n<ins class=\"adsbygoogle\"\r\n     style=\"display:inline-block;width:300px;height:250px\"\r\n     data-ad-client=\"ca-pub-1244235910658811\"\r\n     data-ad-slot=\"8592682546\"><\/ins>\r\n<script>\r\n     (adsbygoogle = window.adsbygoogle || []).push({});\r\n<\/script><\/center>\r\n<\/p><\/div><br \/>\nDespu\u00e9s de varios a\u00f1os en WWE, Victoria fue a TNA por cuatro a\u00f1os en donde su personaje era conocido como Tara. Gan\u00f3 la mitad del dinero que hac\u00eda en la WWE, pero lo llam\u00f3 otra oportunidad y algo diferente al poder luchar contra nuevas chicas. Sin embargo, no mira con cari\u00f1o su tiempo all\u00ed y le hizo apreciar m\u00e1s a la WWE.<\/p>\n<p>&#8220;Simplemente no me gustaba TNA. No me gustaba la chica que lo dirig\u00eda&#8221;, revel\u00f3 Victoria. &#8220;Las luchadoras eran incre\u00edbles, los talentos eran incre\u00edbles, la comida era &#8230; los martes de tacos eran uno de los d\u00edas. \u00bfNo se dan cuenta de lo que tenemos que lucir bien ah\u00ed fuera? Nos va a poner gordas y enfermas. Tenia mucha grasa. Tenemos que usar atuendos peque\u00f1os. Los talentos eran incre\u00edbles, pero WWE es donde es.&#8221; <\/p>\n<p>&#8220;No he visto el producto \u00faltimamente, pero lo bueno es que Gail Kim es parte de la divisi\u00f3n Femenina, as\u00ed que estoy orgullosa de ella. Hay chicas duras, pero en el tiempo en que estuve all\u00ed no fue agradable. Sab\u00eda que no iba a volver a firmar, pero me liberaron ir antes de que pudiera renunciar. Estuve all\u00ed durante casi cuatro a\u00f1os. Fue muy corto. Sab\u00edan que no estaba contenta con la compa\u00f1\u00eda,&#8221; dijo.<br \/>\n<iframe loading=\"lazy\" width=\"560\" height=\"315\" src=\"https:\/\/www.youtube.com\/embed\/LQ1SmpdsUb0\" frameborder=\"0\" allow=\"accelerometer; autoplay; encrypted-media; gyroscope; picture-in-picture\" allowfullscreen><\/iframe><\/p>\n","protected":false},"excerpt":{"rendered":"<p>Victoria (Lisa Marie Varon) habl\u00f3 sobre su campa\u00f1a en TNA, entre otros temas, en el podcast de Lilian Garcia.<\/p>\n","protected":false},"author":1,"featured_media":119346,"comment_status":"open","ping_status":"closed","sticky":false,"template":"","format":"standard","meta":{"footnotes":""},"categories":[5],"tags":[2661],"class_list":{"0":"post-119345","1":"post","2":"type-post","3":"status-publish","4":"format-standard","5":"has-post-thumbnail","7":"category-noticias","8":"tag-victoria"},"_links":{"self":[{"href":"https:\/\/www.prwrestling.com\/nw\/wp-json\/wp\/v2\/posts\/119345","targetHints":{"allow":["GET"]}}],"collection":[{"href":"https:\/\/www.prwrestling.com\/nw\/wp-json\/wp\/v2\/posts"}],"about":[{"href":"https:\/\/www.prwrestling.com\/nw\/wp-json\/wp\/v2\/types\/post"}],"author":[{"embeddable":true,"href":"https:\/\/www.prwrestling.com\/nw\/wp-json\/wp\/v2\/users\/1"}],"replies":[{"embeddable":true,"href":"https:\/\/www.prwrestling.com\/nw\/wp-json\/wp\/v2\/comments?post=119345"}],"version-history":[{"count":2,"href":"https:\/\/www.prwrestling.com\/nw\/wp-json\/wp\/v2\/posts\/119345\/revisions"}],"predecessor-version":[{"id":119349,"href":"https:\/\/www.prwrestling.com\/nw\/wp-json\/wp\/v2\/posts\/119345\/revisions\/119349"}],"wp:featuredmedia":[{"embeddable":true,"href":"https:\/\/www.prwrestling.com\/nw\/wp-json\/wp\/v2\/media\/119346"}],"wp:attachment":[{"href":"https:\/\/www.prwrestling.com\/nw\/wp-json\/wp\/v2\/media?parent=119345"}],"wp:term":[{"taxonomy":"category","embeddable":true,"href":"https:\/\/www.prwrestling.com\/nw\/wp-json\/wp\/v2\/categories?post=119345"},{"taxonomy":"post_tag","embeddable":true,"href":"https:\/\/www.prwrestling.com\/nw\/wp-json\/wp\/v2\/tags?post=119345"}],"curies":[{"name":"wp","href":"https:\/\/api.w.org\/{rel}","templated":true}]}}