{"id":119356,"date":"2019-12-09T10:26:25","date_gmt":"2019-12-09T15:26:25","guid":{"rendered":"https:\/\/www.prwrestling.com\/nw\/?p=119356"},"modified":"2019-12-09T10:31:18","modified_gmt":"2019-12-09T15:31:18","slug":"nwo-y-batista-anunciados-para-el-salon-de-la-fama-wwe","status":"publish","type":"post","link":"https:\/\/www.prwrestling.com\/nw\/nwo-y-batista-anunciados-para-el-salon-de-la-fama-wwe\/","title":{"rendered":"NWO y Batista anunciados para el Sal\u00f3n de la Fama WWE"},"content":{"rendered":"<p>Marc Raimondi de ESPN anunci\u00f3 que la NWO ser\u00e1 el primer grupo oficial en ser incluido al Sal\u00f3n de la Fama. <!--more-->Se honrar\u00e1 al grupo central de Hulk Hogan, Scott Hall, Kevin Nash y Sean Waltman.<div id=\"ad-slot\" style=\"min-width: 300px; min-height: 250px;\">\r\n<p style=\"text-align: center;\">\r\n<!-- Site name: prwrestling.com\r\nZone name: prwrestling.com_banner_300x250\r\nZone id: 2109741734\r\nType: banner\r\nFormat: 300x250\r\n --> \r\n\r\n<!-- Copy and paste this code on the page. -->\r\n<div id='zone_2109741734' ><\/div>\r\n<script>\r\n    (function(w,d,o,g,r,a,m){\r\n        var cid='zone_2109741734';\r\n        w[r]=w[r]||function(){(w[r+'l']=w[r+'l']||[]).push(arguments)};\r\n        function e(b,w,r){if((w[r+'h']=b.pop())&&!w.ABN){\r\n            var a=d.createElement(o),p=d.getElementsByTagName(o)[0];a.async=1;\r\n            a.src='https:\/\/cdn.'+w[r+'h']+'\/libs\/e.js';a.onerror=function(){e(g,w,r)};\r\n            p.parentNode.insertBefore(a,p)}}e(g,w,r);\r\n        w[r](cid,{id:2109741734,domain:w[r+'h']});\r\n    })(window,document,'script',['traffmovie.com'],'ABNS');\r\n<\/script>\r\n\r\n<!--\r\nWhen setting the zone code, make sure:\r\n  - you have provided all domains from which the area code will be called\r\n  - the site does not limit the loading in the Content Security Policy\r\n  - the area code is installed in the ad space inside the page\r\n  - site layout allows you to display the banner on mobile devices in full size\r\nUse data-cp1={customParam1} data-cp2={customParam2}... attributes for sending custom params\r\n-->\r\n<\/p><\/div><br \/>\nEsta ser\u00e1 la segunda vez que los cuatro hombres sean incluidos; Hogan en 2005, Hall en 2014, Nash en 2015 y Waltman en 2019 junto a DX. <\/p>\n<p>Por otro lado tambi\u00e9n se anunci\u00f3 hoy que Batista ser\u00e1 exaltado al Sal\u00f3n la misma noche.<\/p>\n<p>&#8220;Vince [McMahon] me llam\u00f3 personalmente para preguntarme, estaba &#8230; no me sorprendi\u00f3, pero estaba muy feliz. Es una buena sensaci\u00f3n, es una sensaci\u00f3n realmente grandiosa&#8221;, dijo Batista a People. &#8220;Tan pronto como colgu\u00e9 el tel\u00e9fono, estaba &#8230; y disculpe mi lenguaje, pens\u00e9, &#8216;M****a, tengo que dar un discurso&#8217;.&#8221;<\/p>\n<p>La ceremonia del Sal\u00f3n de la Fama WWE 2020 se llevar\u00e1 a cabo el 2 de abril en el Amalie Arena en Tampa, Florida. Las entradas para el evento estar\u00e1n a la venta este viernes.<\/p>\n","protected":false},"excerpt":{"rendered":"<p>Marc Raimondi de ESPN anunci\u00f3 que la NWO ser\u00e1 el primer grupo oficial en ser incluido al Sal\u00f3n de la Fama.<\/p>\n","protected":false},"author":1,"featured_media":8786,"comment_status":"open","ping_status":"closed","sticky":false,"template":"","format":"standard","meta":{"footnotes":""},"categories":[5,38],"tags":[9],"class_list":["post-119356","post","type-post","status-publish","format-standard","has-post-thumbnail","category-noticias","category-noticias-y-rumores-de-la-wwe","tag-wwe"],"_links":{"self":[{"href":"https:\/\/www.prwrestling.com\/nw\/wp-json\/wp\/v2\/posts\/119356","targetHints":{"allow":["GET"]}}],"collection":[{"href":"https:\/\/www.prwrestling.com\/nw\/wp-json\/wp\/v2\/posts"}],"about":[{"href":"https:\/\/www.prwrestling.com\/nw\/wp-json\/wp\/v2\/types\/post"}],"author":[{"embeddable":true,"href":"https:\/\/www.prwrestling.com\/nw\/wp-json\/wp\/v2\/users\/1"}],"replies":[{"embeddable":true,"href":"https:\/\/www.prwrestling.com\/nw\/wp-json\/wp\/v2\/comments?post=119356"}],"version-history":[{"count":3,"href":"https:\/\/www.prwrestling.com\/nw\/wp-json\/wp\/v2\/posts\/119356\/revisions"}],"predecessor-version":[{"id":119360,"href":"https:\/\/www.prwrestling.com\/nw\/wp-json\/wp\/v2\/posts\/119356\/revisions\/119360"}],"wp:featuredmedia":[{"embeddable":true,"href":"https:\/\/www.prwrestling.com\/nw\/wp-json\/wp\/v2\/media\/8786"}],"wp:attachment":[{"href":"https:\/\/www.prwrestling.com\/nw\/wp-json\/wp\/v2\/media?parent=119356"}],"wp:term":[{"taxonomy":"category","embeddable":true,"href":"https:\/\/www.prwrestling.com\/nw\/wp-json\/wp\/v2\/categories?post=119356"},{"taxonomy":"post_tag","embeddable":true,"href":"https:\/\/www.prwrestling.com\/nw\/wp-json\/wp\/v2\/tags?post=119356"}],"curies":[{"name":"wp","href":"https:\/\/api.w.org\/{rel}","templated":true}]}}