{"id":119382,"date":"2019-12-10T12:27:39","date_gmt":"2019-12-10T17:27:39","guid":{"rendered":"https:\/\/www.prwrestling.com\/nw\/?p=119382"},"modified":"2019-12-10T12:29:38","modified_gmt":"2019-12-10T17:29:38","slug":"cerca-la-ruptura-de-andrade-y-zelina","status":"publish","type":"post","link":"https:\/\/www.prwrestling.com\/nw\/cerca-la-ruptura-de-andrade-y-zelina\/","title":{"rendered":"\u00bfCerca la ruptura de Andrade y Zelina?"},"content":{"rendered":"<p>Anoche en Raw, Andrade y Humberto Carrillo estaban batallando hasta que Zelina Vega intent\u00f3 involucrarse, pero Andrade la empuj\u00f3 accidentalmente distray\u00e9ndolo y permitiendo que Carrillo lo enrollara para la victoria.<!--more--> Los dos luego tuvieron una discusi\u00f3n entre ellos.<div id=\"ad-slot\" style=\"min-width: 300px; min-height: 250px;\">\r\n<p style=\"text-align: center;\">\r\n<script async src=\"https:\/\/pagead2.googlesyndication.com\/pagead\/js\/adsbygoogle.js\"><\/script>\r\n<!-- 300x250 sc a -->\r\n<ins class=\"adsbygoogle\"\r\n     style=\"display:inline-block;width:300px;height:250px\"\r\n     data-ad-client=\"ca-pub-1244235910658811\"\r\n     data-ad-slot=\"8592682546\"><\/ins>\r\n<script>\r\n     (adsbygoogle = window.adsbygoogle || []).push({});\r\n<\/script><\/center>\r\n<\/p><\/div><br \/>\nFuera del ring, la discusi\u00f3n se intensific\u00f3. En el video a continuaci\u00f3n, Andrade y Vega discuten lo que sucedi\u00f3 en el ring, con Vega teniendo la mayor parte de la conversaci\u00f3n.<br \/>\n<iframe loading=\"lazy\" width=\"560\" height=\"315\" src=\"https:\/\/www.youtube.com\/embed\/4CC5AaGmf-A\" frameborder=\"0\" allow=\"accelerometer; autoplay; encrypted-media; gyroscope; picture-in-picture\" allowfullscreen><\/iframe><br \/>\n&#8220;Esto es tu culpa, ya termin\u00e9&#8221;, le grit\u00f3 Vega a Andrade. &#8220;Ni siquiera eres t\u00fa. Ni siquiera me hables as\u00ed, porque sabes &#8230; siempre est\u00e1bamos en la misma p\u00e1gina&#8221;.<\/p>\n<p>Andrade se fue antes de ser entrevistado, afirmando que su derrota fue culpa de Vega. Vega continu\u00f3 hablando cuando se fue.<\/p>\n<p>&#8220;Andrade y yo estamos bien, \u00bfde acuerdo? Estamos totalmente bien, nunca estuvo tan bien&#8221;, continu\u00f3 Vega. &#8220;Hemos tenido desacuerdos antes, lo superaremos. Sin embargo, \u00e9l necesita entender que no fue mi culpa. Fue solo una falta de comunicaci\u00f3n, eso es todo. Eso es todo&#8221;.<\/p>\n<p>Vegas se emparej\u00f3 por primera vez con Andrade en julio de 2017 en NXT. El d\u00fao fue reclutado para SmackDown en abril de 2018.<\/p>\n","protected":false},"excerpt":{"rendered":"<p>Anoche en Raw, Andrade y Humberto Carrillo estaban batallando hasta que Zelina Vega intent\u00f3 involucrarse, pero Andrade la empuj\u00f3 accidentalmente distray\u00e9ndolo y permitiendo que Carrillo lo enrollara para la victoria.<\/p>\n","protected":false},"author":1,"featured_media":118648,"comment_status":"open","ping_status":"closed","sticky":false,"template":"","format":"standard","meta":{"footnotes":""},"categories":[5,38],"tags":[1965,9],"class_list":{"0":"post-119382","1":"post","2":"type-post","3":"status-publish","4":"format-standard","5":"has-post-thumbnail","7":"category-noticias","8":"category-noticias-y-rumores-de-la-wwe","9":"tag-andrade","10":"tag-wwe"},"_links":{"self":[{"href":"https:\/\/www.prwrestling.com\/nw\/wp-json\/wp\/v2\/posts\/119382","targetHints":{"allow":["GET"]}}],"collection":[{"href":"https:\/\/www.prwrestling.com\/nw\/wp-json\/wp\/v2\/posts"}],"about":[{"href":"https:\/\/www.prwrestling.com\/nw\/wp-json\/wp\/v2\/types\/post"}],"author":[{"embeddable":true,"href":"https:\/\/www.prwrestling.com\/nw\/wp-json\/wp\/v2\/users\/1"}],"replies":[{"embeddable":true,"href":"https:\/\/www.prwrestling.com\/nw\/wp-json\/wp\/v2\/comments?post=119382"}],"version-history":[{"count":2,"href":"https:\/\/www.prwrestling.com\/nw\/wp-json\/wp\/v2\/posts\/119382\/revisions"}],"predecessor-version":[{"id":119385,"href":"https:\/\/www.prwrestling.com\/nw\/wp-json\/wp\/v2\/posts\/119382\/revisions\/119385"}],"wp:featuredmedia":[{"embeddable":true,"href":"https:\/\/www.prwrestling.com\/nw\/wp-json\/wp\/v2\/media\/118648"}],"wp:attachment":[{"href":"https:\/\/www.prwrestling.com\/nw\/wp-json\/wp\/v2\/media?parent=119382"}],"wp:term":[{"taxonomy":"category","embeddable":true,"href":"https:\/\/www.prwrestling.com\/nw\/wp-json\/wp\/v2\/categories?post=119382"},{"taxonomy":"post_tag","embeddable":true,"href":"https:\/\/www.prwrestling.com\/nw\/wp-json\/wp\/v2\/tags?post=119382"}],"curies":[{"name":"wp","href":"https:\/\/api.w.org\/{rel}","templated":true}]}}