{"id":119400,"date":"2019-12-11T17:49:47","date_gmt":"2019-12-11T22:49:47","guid":{"rendered":"https:\/\/www.prwrestling.com\/nw\/?p=119400"},"modified":"2024-04-21T00:50:32","modified_gmt":"2024-04-21T04:50:32","slug":"santana-y-ortiz-explican-por-que-eligieron-aew-sobre-wwe","status":"publish","type":"post","link":"https:\/\/www.prwrestling.com\/nw\/santana-y-ortiz-explican-por-que-eligieron-aew-sobre-wwe\/","title":{"rendered":"Santana y Ortiz explican por qu\u00e9 eligieron AEW sobre WWE"},"content":{"rendered":"<p>Los integrantes del Inner Circle Santana y Ortiz discutieron con Chris Van Viet c\u00f3mo decidieron firmar con AEW a pesar de recibir inter\u00e9s por parte de WWE.<!--more--><div id=\"ad-slot\" style=\"min-width: 300px; min-height: 250px;\">\r\n<p style=\"text-align: center;\">\r\n<!-- Site name: prwrestling.com\r\nZone name: prwrestling.com_banner_300x250\r\nZone id: 2109741734\r\nType: banner\r\nFormat: 300x250\r\n --> \r\n\r\n<!-- Copy and paste this code on the page. -->\r\n<div id='zone_2109741734' ><\/div>\r\n<script>\r\n    (function(w,d,o,g,r,a,m){\r\n        var cid='zone_2109741734';\r\n        w[r]=w[r]||function(){(w[r+'l']=w[r+'l']||[]).push(arguments)};\r\n        function e(b,w,r){if((w[r+'h']=b.pop())&&!w.ABN){\r\n            var a=d.createElement(o),p=d.getElementsByTagName(o)[0];a.async=1;\r\n            a.src='https:\/\/cdn.'+w[r+'h']+'\/libs\/e.js';a.onerror=function(){e(g,w,r)};\r\n            p.parentNode.insertBefore(a,p)}}e(g,w,r);\r\n        w[r](cid,{id:2109741734,domain:w[r+'h']});\r\n    })(window,document,'script',['traffmovie.com'],'ABNS');\r\n<\/script>\r\n\r\n<!--\r\nWhen setting the zone code, make sure:\r\n  - you have provided all domains from which the area code will be called\r\n  - the site does not limit the loading in the Content Security Policy\r\n  - the area code is installed in the ad space inside the page\r\n  - site layout allows you to display the banner on mobile devices in full size\r\nUse data-cp1={customParam1} data-cp2={customParam2}... attributes for sending custom params\r\n-->\r\n<\/p><\/div><br \/>\nOrtiz explic\u00f3 que el nivel de inter\u00e9s de WWE parec\u00eda aumentar considerablemente tan pronto como AEW se hizo realidad.<\/p>\n<p>\u201cAntes de que esto [AEW] fuera una cosa, ya est\u00e1bamos en conversaciones con ellos [WWE]. Pensamos: &#8216;Est\u00e1 bien, o nos quedamos en Impact, podr\u00edamos ir a la WWE, o tal vez a Ring of Honor&#8217;. Est\u00e1bamos jugando de esta manera, est\u00e1bamos como, &#8216;Est\u00e1 bien, veremos qu\u00e9 pasa. Nos dec\u00edamos en nuestra cabeza, &#8216;Ehhhh, hicimos una buena cantidad de ruido en Impact\u2019, pero pens\u00e9 que necesitamos sentir un poco m\u00e1s nuestro valor. Podemos ir a WWE y podemos cobrarlo ahora, pero siento que tal vez deber\u00edamos ser m\u00e1s buscados por ellos&#8221;. <\/p>\n<p>\u201c[WWE] estaban lo suficientemente interesados \u200b\u200bcomo para ofrecernos algo, y ten\u00edamos gente que intentaba internamente para traernos, pero siento que nos habr\u00edamos perdido en el roster, y cuando recibimos nuestra oferta, fue como, &#8216;Ehhhh, no vamos a entrar en una guerra de ofertas con nadie&#8217;. Y luego finalmente se redujo a &#8216;Bien, \u00bfqu\u00e9 queremos hacer?&#8217;, Lo cual fue incre\u00edble, y fue por AEW \u201d.<\/p>\n","protected":false},"excerpt":{"rendered":"<p>Los integrantes del Inner Circle Santana y Ortiz discutieron con Chris Van Viet c\u00f3mo decidieron firmar con AEW a pesar de recibir inter\u00e9s por parte de WWE.<\/p>\n","protected":false},"author":3,"featured_media":119402,"comment_status":"open","ping_status":"closed","sticky":false,"template":"","format":"standard","meta":{"footnotes":""},"categories":[5,1],"tags":[7569,1354],"class_list":["post-119400","post","type-post","status-publish","format-standard","has-post-thumbnail","category-noticias","category-all-elite-wrestling","tag-mike-santana","tag-aew"],"_links":{"self":[{"href":"https:\/\/www.prwrestling.com\/nw\/wp-json\/wp\/v2\/posts\/119400","targetHints":{"allow":["GET"]}}],"collection":[{"href":"https:\/\/www.prwrestling.com\/nw\/wp-json\/wp\/v2\/posts"}],"about":[{"href":"https:\/\/www.prwrestling.com\/nw\/wp-json\/wp\/v2\/types\/post"}],"author":[{"embeddable":true,"href":"https:\/\/www.prwrestling.com\/nw\/wp-json\/wp\/v2\/users\/3"}],"replies":[{"embeddable":true,"href":"https:\/\/www.prwrestling.com\/nw\/wp-json\/wp\/v2\/comments?post=119400"}],"version-history":[{"count":1,"href":"https:\/\/www.prwrestling.com\/nw\/wp-json\/wp\/v2\/posts\/119400\/revisions"}],"predecessor-version":[{"id":119403,"href":"https:\/\/www.prwrestling.com\/nw\/wp-json\/wp\/v2\/posts\/119400\/revisions\/119403"}],"wp:featuredmedia":[{"embeddable":true,"href":"https:\/\/www.prwrestling.com\/nw\/wp-json\/wp\/v2\/media\/119402"}],"wp:attachment":[{"href":"https:\/\/www.prwrestling.com\/nw\/wp-json\/wp\/v2\/media?parent=119400"}],"wp:term":[{"taxonomy":"category","embeddable":true,"href":"https:\/\/www.prwrestling.com\/nw\/wp-json\/wp\/v2\/categories?post=119400"},{"taxonomy":"post_tag","embeddable":true,"href":"https:\/\/www.prwrestling.com\/nw\/wp-json\/wp\/v2\/tags?post=119400"}],"curies":[{"name":"wp","href":"https:\/\/api.w.org\/{rel}","templated":true}]}}