{"id":119453,"date":"2019-12-12T17:50:44","date_gmt":"2019-12-12T22:50:44","guid":{"rendered":"https:\/\/www.prwrestling.com\/nw\/?p=119453"},"modified":"2019-12-12T17:53:29","modified_gmt":"2019-12-12T22:53:29","slug":"por-que-aew-no-debe-firmar-a-harper-y-otros-ex-wwe","status":"publish","type":"post","link":"https:\/\/www.prwrestling.com\/nw\/por-que-aew-no-debe-firmar-a-harper-y-otros-ex-wwe\/","title":{"rendered":"Por qu\u00e9 AEW no debe firmar a Harper y otros ex WWE"},"content":{"rendered":"<p>Desde que se supo que Luke Harper, The Ascention y Sin Cara fueron dejados libres por fin de la WWE, muchas personas est\u00e1n apostando a que alguno, o todos, van a AEW.<!--more--><\/p>\n<p>A esto yo digo que si AEW los trae est\u00e1n locos.<div id=\"ad-slot\" style=\"min-width: 300px; min-height: 250px;\">\r\n<p style=\"text-align: center;\">\r\n<script async src=\"https:\/\/pagead2.googlesyndication.com\/pagead\/js\/adsbygoogle.js\"><\/script>\r\n<!-- 300x250 sc a -->\r\n<ins class=\"adsbygoogle\"\r\n     style=\"display:inline-block;width:300px;height:250px\"\r\n     data-ad-client=\"ca-pub-1244235910658811\"\r\n     data-ad-slot=\"8592682546\"><\/ins>\r\n<script>\r\n     (adsbygoogle = window.adsbygoogle || []).push({});\r\n<\/script><\/center>\r\n<\/p><\/div><br \/>\n<strong>Luke Harper<\/strong> es un buen talento pero la realidad es que nunca conect\u00f3 con la fanaticada en la WWE. Estuvo con los Wyatts, despu\u00e9s s\u00f3lo como t\u00e9cnico, s\u00f3lo como rudo, de vuelta con Harper, hasta fue campe\u00f3n Intercontinental (\u00bfa que no se acordaban?) y no pas\u00f3 nada. Si; parte fue el booking, pero hay luchadores que t\u00fa ves cuando causan reacciones y \u00e9l no era uno.<\/p>\n<p>Si AEW lo trae no creo que haga diferencia y menos ahora que hay varios luchadores con personajes similares a \u00e9l (Butcher and Blade, Dark Order) y no se c\u00f3mo Harper encajar\u00eda en el roster.<\/p>\n<p>Este mismo problema lo tendr\u00eda <strong>Ascention<\/strong> a menos que vengan con personajes super distintos, pero si Harper no conectaba con la fanaticada de la WWE, Ascention las espantaba.<\/p>\n<p><strong>Sin Cara<\/strong> est\u00e1 en una posici\u00f3n a\u00fan peor. No se puede llevar el personaje por ser propiedad de WWE, y en su tiempo como &#8220;Hunico&#8221; no fue nada especial. A esto se a\u00f1ade que no es tan acrob\u00e1tico como muchos otros talentos de AEW as\u00ed que dentro del ring no brillar\u00eda mucho y ser\u00e1 evidente de la primera que luche contra Penta o Rey Fenix.<\/p>\n<p><img loading=\"lazy\" decoding=\"async\" class=\"aligncenter\" src=\"https:\/\/i.imgflip.com\/3jagrj.jpg\" width=\"468\" height=\"351\" \/><\/p>\n<p>Muchos fan\u00e1ticos tienen esta percepci\u00f3n de que AEW puede convertir en oro los talentos que vienen de WWE y si bien es cierto que Moxley est\u00e1 luciendo mejor que Dean Ambrose, no se puede negar que Shawn Spears no est\u00e1 luciendo mejor que Tye Dillinger.<\/p>\n<p>AEW se tiene que concentrar en lo que tienen y seguir empujando en distintos niveles a sus talentos actuales y olvidarse de lo que hay afuera ahora mismo. Cualquier desenfoque les puede costar caro a la larga.<\/p>\n","protected":false},"excerpt":{"rendered":"<p>Desde que se supo que Luke Harper, The Ascention y Sin Cara fueron dejados libres por fin de la WWE, muchas personas est\u00e1n apostando a que alguno, o todos, van a AEW.<\/p>\n","protected":false},"author":4,"featured_media":119456,"comment_status":"open","ping_status":"closed","sticky":false,"template":"","format":"standard","meta":{"footnotes":""},"categories":[7,5],"tags":[1354],"class_list":{"0":"post-119453","1":"post","2":"type-post","3":"status-publish","4":"format-standard","5":"has-post-thumbnail","7":"category-archivos","8":"category-noticias","9":"tag-aew"},"_links":{"self":[{"href":"https:\/\/www.prwrestling.com\/nw\/wp-json\/wp\/v2\/posts\/119453","targetHints":{"allow":["GET"]}}],"collection":[{"href":"https:\/\/www.prwrestling.com\/nw\/wp-json\/wp\/v2\/posts"}],"about":[{"href":"https:\/\/www.prwrestling.com\/nw\/wp-json\/wp\/v2\/types\/post"}],"author":[{"embeddable":true,"href":"https:\/\/www.prwrestling.com\/nw\/wp-json\/wp\/v2\/users\/4"}],"replies":[{"embeddable":true,"href":"https:\/\/www.prwrestling.com\/nw\/wp-json\/wp\/v2\/comments?post=119453"}],"version-history":[{"count":5,"href":"https:\/\/www.prwrestling.com\/nw\/wp-json\/wp\/v2\/posts\/119453\/revisions"}],"predecessor-version":[{"id":119460,"href":"https:\/\/www.prwrestling.com\/nw\/wp-json\/wp\/v2\/posts\/119453\/revisions\/119460"}],"wp:featuredmedia":[{"embeddable":true,"href":"https:\/\/www.prwrestling.com\/nw\/wp-json\/wp\/v2\/media\/119456"}],"wp:attachment":[{"href":"https:\/\/www.prwrestling.com\/nw\/wp-json\/wp\/v2\/media?parent=119453"}],"wp:term":[{"taxonomy":"category","embeddable":true,"href":"https:\/\/www.prwrestling.com\/nw\/wp-json\/wp\/v2\/categories?post=119453"},{"taxonomy":"post_tag","embeddable":true,"href":"https:\/\/www.prwrestling.com\/nw\/wp-json\/wp\/v2\/tags?post=119453"}],"curies":[{"name":"wp","href":"https:\/\/api.w.org\/{rel}","templated":true}]}}