{"id":119467,"date":"2019-12-12T20:44:38","date_gmt":"2019-12-13T01:44:38","guid":{"rendered":"https:\/\/www.prwrestling.com\/nw\/?p=119467"},"modified":"2019-12-12T20:44:38","modified_gmt":"2019-12-13T01:44:38","slug":"cody-defiende-las-sillas-vacias-en-dynamite","status":"publish","type":"post","link":"https:\/\/www.prwrestling.com\/nw\/cody-defiende-las-sillas-vacias-en-dynamite\/","title":{"rendered":"Cody defiende las &#8220;sillas vac\u00edas&#8221; en Dynamite"},"content":{"rendered":"<p>La superestrella de AEW y vicepresidente ejecutivo, Cody Rhodes, respondi\u00f3 a un fan\u00e1tico en l\u00ednea que critic\u00f3 a AEW por las bajas ventas de boletos en el episodio de Dynamite de Garland Texas. <!--more--><\/p>\n<p>Rhodes explic\u00f3 que el show cont\u00f3 con la asistencia de m\u00e1s de 4.500 fan\u00e1ticos, lo que, seg\u00fan \u00e9l, representa una utilizaci\u00f3n del 80%. El Curtis Culwell Center (sede de ayer) tiene una capacidad de 6,800 aficionados, dependiendo del tipo de evento. <div id=\"ad-slot\" style=\"min-width: 300px; min-height: 250px;\">\r\n<p style=\"text-align: center;\">\r\n<script async src=\"https:\/\/pagead2.googlesyndication.com\/pagead\/js\/adsbygoogle.js\"><\/script>\r\n<!-- 300x250 sc a -->\r\n<ins class=\"adsbygoogle\"\r\n     style=\"display:inline-block;width:300px;height:250px\"\r\n     data-ad-client=\"ca-pub-1244235910658811\"\r\n     data-ad-slot=\"8592682546\"><\/ins>\r\n<script>\r\n     (adsbygoogle = window.adsbygoogle || []).push({});\r\n<\/script><\/center>\r\n<\/p><\/div><br \/>\nThe American Nightmare termin\u00f3 diciendo que est\u00e1n &#8220;muy por encima del mercado&#8221; y que volver\u00e1n a Garland en el futuro. <\/p>\n<p>El intercambio a continuaci\u00f3n.<\/p>\n<blockquote class=\"twitter-tweet\">\n<p lang=\"en\" dir=\"ltr\">We had over 4500 folks at 80% utilization. Well above market. Vibrant crowd throughout. We will definitely be back.<\/p>\n<p>&mdash; Cody Rhodes (@CodyRhodes) <a href=\"https:\/\/twitter.com\/CodyRhodes\/status\/1205167187213860866?ref_src=twsrc%5Etfw\" target=\"_blank\" rel=\"noopener\">December 12, 2019<\/a><\/p><\/blockquote>\n<p> <script async src=\"https:\/\/platform.twitter.com\/widgets.js\" charset=\"utf-8\"><\/script><\/p>\n","protected":false},"excerpt":{"rendered":"<p>La superestrella de AEW y vicepresidente ejecutivo, Cody Rhodes, respondi\u00f3 a un fan\u00e1tico en l\u00ednea que critic\u00f3 a AEW por las bajas ventas de boletos en el episodio de Dynamite de Garland Texas.<\/p>\n","protected":false},"author":1,"featured_media":119468,"comment_status":"open","ping_status":"closed","sticky":false,"template":"","format":"standard","meta":{"footnotes":""},"categories":[5,1],"tags":[1354],"class_list":{"0":"post-119467","1":"post","2":"type-post","3":"status-publish","4":"format-standard","5":"has-post-thumbnail","7":"category-noticias","8":"category-all-elite-wrestling","9":"tag-aew"},"_links":{"self":[{"href":"https:\/\/www.prwrestling.com\/nw\/wp-json\/wp\/v2\/posts\/119467","targetHints":{"allow":["GET"]}}],"collection":[{"href":"https:\/\/www.prwrestling.com\/nw\/wp-json\/wp\/v2\/posts"}],"about":[{"href":"https:\/\/www.prwrestling.com\/nw\/wp-json\/wp\/v2\/types\/post"}],"author":[{"embeddable":true,"href":"https:\/\/www.prwrestling.com\/nw\/wp-json\/wp\/v2\/users\/1"}],"replies":[{"embeddable":true,"href":"https:\/\/www.prwrestling.com\/nw\/wp-json\/wp\/v2\/comments?post=119467"}],"version-history":[{"count":1,"href":"https:\/\/www.prwrestling.com\/nw\/wp-json\/wp\/v2\/posts\/119467\/revisions"}],"predecessor-version":[{"id":119469,"href":"https:\/\/www.prwrestling.com\/nw\/wp-json\/wp\/v2\/posts\/119467\/revisions\/119469"}],"wp:featuredmedia":[{"embeddable":true,"href":"https:\/\/www.prwrestling.com\/nw\/wp-json\/wp\/v2\/media\/119468"}],"wp:attachment":[{"href":"https:\/\/www.prwrestling.com\/nw\/wp-json\/wp\/v2\/media?parent=119467"}],"wp:term":[{"taxonomy":"category","embeddable":true,"href":"https:\/\/www.prwrestling.com\/nw\/wp-json\/wp\/v2\/categories?post=119467"},{"taxonomy":"post_tag","embeddable":true,"href":"https:\/\/www.prwrestling.com\/nw\/wp-json\/wp\/v2\/tags?post=119467"}],"curies":[{"name":"wp","href":"https:\/\/api.w.org\/{rel}","templated":true}]}}