{"id":119525,"date":"2019-12-15T08:19:40","date_gmt":"2019-12-15T13:19:40","guid":{"rendered":"https:\/\/www.prwrestling.com\/nw\/?p=119525"},"modified":"2019-12-15T08:20:45","modified_gmt":"2019-12-15T13:20:45","slug":"marty-scurll-llega-a-la-nwa","status":"publish","type":"post","link":"https:\/\/www.prwrestling.com\/nw\/marty-scurll-llega-a-la-nwa\/","title":{"rendered":"Marty Scurll llega a la NWA"},"content":{"rendered":"<p>Marty Scurll apareci\u00f3 en el PPV de NWA Into the Fire anoche.<!--more--><\/p>\n<p>El luchador apareci\u00f3 al final del espect\u00e1culo, confrontando al campe\u00f3n mundial de la NWA Nick Aldis despu\u00e9s de defender con \u00e9xito el t\u00edtulo contra James Storm en un encuentro de 2 de 3 ca\u00eddas. Los dos se miraron cuando termin\u00f3 el show.<div id=\"ad-slot\" style=\"min-width: 300px; min-height: 250px;\">\r\n<p style=\"text-align: center;\">\r\n<script async src=\"https:\/\/pagead2.googlesyndication.com\/pagead\/js\/adsbygoogle.js\"><\/script>\r\n<!-- 300x250 sc a -->\r\n<ins class=\"adsbygoogle\"\r\n     style=\"display:inline-block;width:300px;height:250px\"\r\n     data-ad-client=\"ca-pub-1244235910658811\"\r\n     data-ad-slot=\"8592682546\"><\/ins>\r\n<script>\r\n     (adsbygoogle = window.adsbygoogle || []).push({});\r\n<\/script><\/center>\r\n<\/p><\/div><\/p>\n<p>Scurll fue luego entrevistado pero lo que dijo ser\u00e1 transmitido en NWA Power.<\/p>\n<p>El contrato de Scurll con Ring of Honor expir\u00f3 el 30 de noviembre y actualmente es un agente libre.<br \/>\nScurll ha aparecido antes para la NWA, luchando contra Aldis por el t\u00edtulo mundial de la NWA en el  NWA Crockett Cup en abril.<\/p>\n<blockquote class=\"twitter-tweet\">\n<p lang=\"en\" dir=\"ltr\"><a href=\"https:\/\/twitter.com\/hashtag\/IntoTheFire?src=hash&amp;ref_src=twsrc%5Etfw\" target=\"_blank\" rel=\"noopener\">#IntoTheFire<\/a> <\/p>\n<p>Replay available on <a href=\"https:\/\/twitter.com\/FiteTV?ref_src=twsrc%5Etfw\" target=\"_blank\" rel=\"noopener\">@FiteTV<\/a> <a href=\"https:\/\/twitter.com\/MartyScurll?ref_src=twsrc%5Etfw\" target=\"_blank\" rel=\"noopener\">@MartyScurll<\/a> <\/p>\n<p> <a href=\"https:\/\/t.co\/pXZlfcz3Xg\">pic.twitter.com\/pXZlfcz3Xg<\/a><\/p>\n<p>&mdash; NWA (@nwa) <a href=\"https:\/\/twitter.com\/nwa\/status\/1206031234587119616?ref_src=twsrc%5Etfw\" target=\"_blank\" rel=\"noopener\">December 15, 2019<\/a><\/p><\/blockquote>\n<p> <script async src=\"https:\/\/platform.twitter.com\/widgets.js\" charset=\"utf-8\"><\/script><\/p>\n","protected":false},"excerpt":{"rendered":"<p>Marty Scurll apareci\u00f3 en el PPV de NWA Into the Fire anoche.<\/p>\n","protected":false},"author":3,"featured_media":119526,"comment_status":"open","ping_status":"closed","sticky":false,"template":"","format":"standard","meta":{"footnotes":""},"categories":[5],"tags":[2607],"class_list":{"0":"post-119525","1":"post","2":"type-post","3":"status-publish","4":"format-standard","5":"has-post-thumbnail","7":"category-noticias","8":"tag-nwa"},"_links":{"self":[{"href":"https:\/\/www.prwrestling.com\/nw\/wp-json\/wp\/v2\/posts\/119525","targetHints":{"allow":["GET"]}}],"collection":[{"href":"https:\/\/www.prwrestling.com\/nw\/wp-json\/wp\/v2\/posts"}],"about":[{"href":"https:\/\/www.prwrestling.com\/nw\/wp-json\/wp\/v2\/types\/post"}],"author":[{"embeddable":true,"href":"https:\/\/www.prwrestling.com\/nw\/wp-json\/wp\/v2\/users\/3"}],"replies":[{"embeddable":true,"href":"https:\/\/www.prwrestling.com\/nw\/wp-json\/wp\/v2\/comments?post=119525"}],"version-history":[{"count":3,"href":"https:\/\/www.prwrestling.com\/nw\/wp-json\/wp\/v2\/posts\/119525\/revisions"}],"predecessor-version":[{"id":119530,"href":"https:\/\/www.prwrestling.com\/nw\/wp-json\/wp\/v2\/posts\/119525\/revisions\/119530"}],"wp:featuredmedia":[{"embeddable":true,"href":"https:\/\/www.prwrestling.com\/nw\/wp-json\/wp\/v2\/media\/119526"}],"wp:attachment":[{"href":"https:\/\/www.prwrestling.com\/nw\/wp-json\/wp\/v2\/media?parent=119525"}],"wp:term":[{"taxonomy":"category","embeddable":true,"href":"https:\/\/www.prwrestling.com\/nw\/wp-json\/wp\/v2\/categories?post=119525"},{"taxonomy":"post_tag","embeddable":true,"href":"https:\/\/www.prwrestling.com\/nw\/wp-json\/wp\/v2\/tags?post=119525"}],"curies":[{"name":"wp","href":"https:\/\/api.w.org\/{rel}","templated":true}]}}