{"id":119535,"date":"2019-12-15T07:08:11","date_gmt":"2019-12-15T12:08:11","guid":{"rendered":"https:\/\/www.prwrestling.com\/nw\/?p=119535"},"modified":"2019-12-15T11:08:56","modified_gmt":"2019-12-15T16:08:56","slug":"pr-el-cuervo-se-corona-nuevo-campeon-de-la-cwa","status":"publish","type":"post","link":"https:\/\/www.prwrestling.com\/nw\/pr-el-cuervo-se-corona-nuevo-campeon-de-la-cwa\/","title":{"rendered":"PR: El Cuervo se corona nuevo campe\u00f3n de la CWA"},"content":{"rendered":"<p>El Cuervo se coron\u00f3 nuevo campe\u00f3n de la CWA en su lucha de regreso en la noche del s\u00e1bado en Dorado, Puerto Rico. <!--more--><\/p>\n<p>Cuervo venci\u00f3 a Mike Nice y Manuel Rodr\u00edguez para capturar por primera vez el campeonato que estaba vacante.<br \/>\n<div id=\"ad-slot\" style=\"min-width: 300px; min-height: 250px;\">\r\n<p style=\"text-align: center;\">\r\n<script async src=\"https:\/\/pagead2.googlesyndication.com\/pagead\/js\/adsbygoogle.js\"><\/script>\r\n<!-- 300x250 sc a -->\r\n<ins class=\"adsbygoogle\"\r\n     style=\"display:inline-block;width:300px;height:250px\"\r\n     data-ad-client=\"ca-pub-1244235910658811\"\r\n     data-ad-slot=\"8592682546\"><\/ins>\r\n<script>\r\n     (adsbygoogle = window.adsbygoogle || []).push({});\r\n<\/script><\/center>\r\n<\/p><\/div><br \/>\nEsta fue la primera lucha del Cuervo tras el terrible incidente en noviembre del 2018 en el que fue golpeado en la cabeza con un ladrillo lanzado por el luchador mexicano Angel o Demonio en Mexico. El golpe caus\u00f3 que Cuervo tuviera que ser operado y estar fuera de acci\u00f3n por un a\u00f1o.<br \/>\n<iframe loading=\"lazy\" src=\"https:\/\/www.facebook.com\/plugins\/video.php?href=https%3A%2F%2Fwww.facebook.com%2Fbdvdeportes%2Fvideos%2F851883405214788%2F&#038;show_text=0&#038;width=560\" width=\"560\" height=\"315\" style=\"border:none;overflow:hidden\" scrolling=\"no\" frameborder=\"0\" allowTransparency=\"true\" allowFullScreen=\"true\"><\/iframe><\/p>\n","protected":false},"excerpt":{"rendered":"<p>El Cuervo se coron\u00f3 nuevo campe\u00f3n de la CWA en su lucha de regreso en la noche del s\u00e1bado en Dorado, Puerto Rico.<\/p>\n","protected":false},"author":1,"featured_media":119536,"comment_status":"open","ping_status":"closed","sticky":false,"template":"","format":"standard","meta":{"footnotes":""},"categories":[5],"tags":[2743,1919],"class_list":{"0":"post-119535","1":"post","2":"type-post","3":"status-publish","4":"format-standard","5":"has-post-thumbnail","7":"category-noticias","8":"tag-cwa","9":"tag-el-cuervo"},"_links":{"self":[{"href":"https:\/\/www.prwrestling.com\/nw\/wp-json\/wp\/v2\/posts\/119535","targetHints":{"allow":["GET"]}}],"collection":[{"href":"https:\/\/www.prwrestling.com\/nw\/wp-json\/wp\/v2\/posts"}],"about":[{"href":"https:\/\/www.prwrestling.com\/nw\/wp-json\/wp\/v2\/types\/post"}],"author":[{"embeddable":true,"href":"https:\/\/www.prwrestling.com\/nw\/wp-json\/wp\/v2\/users\/1"}],"replies":[{"embeddable":true,"href":"https:\/\/www.prwrestling.com\/nw\/wp-json\/wp\/v2\/comments?post=119535"}],"version-history":[{"count":1,"href":"https:\/\/www.prwrestling.com\/nw\/wp-json\/wp\/v2\/posts\/119535\/revisions"}],"predecessor-version":[{"id":119537,"href":"https:\/\/www.prwrestling.com\/nw\/wp-json\/wp\/v2\/posts\/119535\/revisions\/119537"}],"wp:featuredmedia":[{"embeddable":true,"href":"https:\/\/www.prwrestling.com\/nw\/wp-json\/wp\/v2\/media\/119536"}],"wp:attachment":[{"href":"https:\/\/www.prwrestling.com\/nw\/wp-json\/wp\/v2\/media?parent=119535"}],"wp:term":[{"taxonomy":"category","embeddable":true,"href":"https:\/\/www.prwrestling.com\/nw\/wp-json\/wp\/v2\/categories?post=119535"},{"taxonomy":"post_tag","embeddable":true,"href":"https:\/\/www.prwrestling.com\/nw\/wp-json\/wp\/v2\/tags?post=119535"}],"curies":[{"name":"wp","href":"https:\/\/api.w.org\/{rel}","templated":true}]}}