{"id":119602,"date":"2019-12-17T12:21:17","date_gmt":"2019-12-17T17:21:17","guid":{"rendered":"https:\/\/www.prwrestling.com\/nw\/?p=119602"},"modified":"2019-12-17T12:21:17","modified_gmt":"2019-12-17T17:21:17","slug":"mysterio-espera-que-dominick-luche-en-el-2020","status":"publish","type":"post","link":"https:\/\/www.prwrestling.com\/nw\/mysterio-espera-que-dominick-luche-en-el-2020\/","title":{"rendered":"Mysterio espera que Dominick luche en el 2020"},"content":{"rendered":"<p>Sportskeeda habl\u00f3 recientemente con Rey Mysterio, quien\u00a0explic\u00f3 sus objetivos para 2020, incluyendo luchar con su hijo Dominick para fin de a\u00f1o.<!--more--><div id=\"ad-slot\" style=\"min-width: 300px; min-height: 250px;\">\r\n<p style=\"text-align: center;\">\r\n<script async src=\"https:\/\/pagead2.googlesyndication.com\/pagead\/js\/adsbygoogle.js\"><\/script>\r\n<!-- 300x250 sc a -->\r\n<ins class=\"adsbygoogle\"\r\n     style=\"display:inline-block;width:300px;height:250px\"\r\n     data-ad-client=\"ca-pub-1244235910658811\"\r\n     data-ad-slot=\"8592682546\"><\/ins>\r\n<script>\r\n     (adsbygoogle = window.adsbygoogle || []).push({});\r\n<\/script><\/center>\r\n<\/p><\/div><br \/>\n&#8220;Definitivamente me encantar\u00eda compartir el ring adecuadamente con \u00e9l en parejas o un 3 vs 3, pero definitivamente me encantar\u00eda compartir con \u00e9l alg\u00fan d\u00eda. Creo que, despu\u00e9s de que eso suceda, puedo retirarme pac\u00edficamente \u201d.<\/p>\n<p>&#8220;Espero que mi hijo pueda estar listo para el pr\u00f3ximo a\u00f1o. Espero que todos podamos tener la oportunidad de verlo en 2020, y estoy tan emocionado como los fan\u00e1ticos de verlo subir al ring y tener una lucha oficial, as\u00ed que esperemos que sea el pr\u00f3ximo a\u00f1o, para finales del a\u00f1o 2020. Definitivamente me encantar\u00eda que llevara el nombre Mysterio. Depender\u00e1 de \u00e9l si quiere usar la m\u00e1scara o no, creo que est\u00e1 muy bien identificado en este momento &#8220;.<\/p>\n","protected":false},"excerpt":{"rendered":"<p>Sportskeeda habl\u00f3 recientemente con Rey Mysterio, quien\u00a0explic\u00f3 sus objetivos para 2020, incluyendo luchar con su hijo Dominick para fin de a\u00f1o.<\/p>\n","protected":false},"author":1,"featured_media":111789,"comment_status":"open","ping_status":"closed","sticky":false,"template":"","format":"standard","meta":{"footnotes":""},"categories":[5,38],"tags":[1581],"class_list":{"0":"post-119602","1":"post","2":"type-post","3":"status-publish","4":"format-standard","5":"has-post-thumbnail","7":"category-noticias","8":"category-noticias-y-rumores-de-la-wwe","9":"tag-rey-mysterio"},"_links":{"self":[{"href":"https:\/\/www.prwrestling.com\/nw\/wp-json\/wp\/v2\/posts\/119602","targetHints":{"allow":["GET"]}}],"collection":[{"href":"https:\/\/www.prwrestling.com\/nw\/wp-json\/wp\/v2\/posts"}],"about":[{"href":"https:\/\/www.prwrestling.com\/nw\/wp-json\/wp\/v2\/types\/post"}],"author":[{"embeddable":true,"href":"https:\/\/www.prwrestling.com\/nw\/wp-json\/wp\/v2\/users\/1"}],"replies":[{"embeddable":true,"href":"https:\/\/www.prwrestling.com\/nw\/wp-json\/wp\/v2\/comments?post=119602"}],"version-history":[{"count":1,"href":"https:\/\/www.prwrestling.com\/nw\/wp-json\/wp\/v2\/posts\/119602\/revisions"}],"predecessor-version":[{"id":119603,"href":"https:\/\/www.prwrestling.com\/nw\/wp-json\/wp\/v2\/posts\/119602\/revisions\/119603"}],"wp:featuredmedia":[{"embeddable":true,"href":"https:\/\/www.prwrestling.com\/nw\/wp-json\/wp\/v2\/media\/111789"}],"wp:attachment":[{"href":"https:\/\/www.prwrestling.com\/nw\/wp-json\/wp\/v2\/media?parent=119602"}],"wp:term":[{"taxonomy":"category","embeddable":true,"href":"https:\/\/www.prwrestling.com\/nw\/wp-json\/wp\/v2\/categories?post=119602"},{"taxonomy":"post_tag","embeddable":true,"href":"https:\/\/www.prwrestling.com\/nw\/wp-json\/wp\/v2\/tags?post=119602"}],"curies":[{"name":"wp","href":"https:\/\/api.w.org\/{rel}","templated":true}]}}