{"id":119667,"date":"2019-12-19T16:43:26","date_gmt":"2019-12-19T21:43:26","guid":{"rendered":"https:\/\/www.prwrestling.com\/nw\/?p=119667"},"modified":"2019-12-19T16:51:21","modified_gmt":"2019-12-19T21:51:21","slug":"apolo-a-debutar-en-el-mundo-mma","status":"publish","type":"post","link":"https:\/\/www.prwrestling.com\/nw\/apolo-a-debutar-en-el-mundo-mma\/","title":{"rendered":"Apolo a debutar en el mundo MMA"},"content":{"rendered":"<p>El luchador\u00a0boricua German Figueroa, mejor conocido como Apolo, har\u00e1 su debut en MMA para Combate Americas.<!--more--><div id=\"ad-slot\" style=\"min-width: 300px; min-height: 250px;\">\r\n<p style=\"text-align: center;\">\r\n<script async src=\"https:\/\/pagead2.googlesyndication.com\/pagead\/js\/adsbygoogle.js\"><\/script>\r\n<!-- 300x250 sc a -->\r\n<ins class=\"adsbygoogle\"\r\n     style=\"display:inline-block;width:300px;height:250px\"\r\n     data-ad-client=\"ca-pub-1244235910658811\"\r\n     data-ad-slot=\"8592682546\"><\/ins>\r\n<script>\r\n     (adsbygoogle = window.adsbygoogle || []).push({});\r\n<\/script><\/center>\r\n<\/p><\/div><\/p>\n<p>Combate Americas emiti\u00f3 un comunicado de prensa anunciando que Figueroa har\u00e1 su debut en un evento el 25 de enero desde el coliseo de Puerto Rico.<\/p>\n<p>Figueroa se enfrentar\u00e1 a John Calloway (0-3) en la divisi\u00f3n s\u00faper pesada.<\/p>\n<p>La boxeadora puertorrique\u00f1a Amanda Serrano sera parte de la pelea estelar dentro del mismo cartel en donde se medir\u00e1 a Diahnna Santana.<\/p>\n","protected":false},"excerpt":{"rendered":"<p>El luchador\u00a0boricua German Figueroa, mejor conocido como Apolo, har\u00e1 su debut en MMA para Combate Americas.<\/p>\n","protected":false},"author":1,"featured_media":28302,"comment_status":"open","ping_status":"closed","sticky":false,"template":"","format":"standard","meta":{"footnotes":""},"categories":[5],"tags":[],"class_list":{"0":"post-119667","1":"post","2":"type-post","3":"status-publish","4":"format-standard","5":"has-post-thumbnail","7":"category-noticias"},"_links":{"self":[{"href":"https:\/\/www.prwrestling.com\/nw\/wp-json\/wp\/v2\/posts\/119667","targetHints":{"allow":["GET"]}}],"collection":[{"href":"https:\/\/www.prwrestling.com\/nw\/wp-json\/wp\/v2\/posts"}],"about":[{"href":"https:\/\/www.prwrestling.com\/nw\/wp-json\/wp\/v2\/types\/post"}],"author":[{"embeddable":true,"href":"https:\/\/www.prwrestling.com\/nw\/wp-json\/wp\/v2\/users\/1"}],"replies":[{"embeddable":true,"href":"https:\/\/www.prwrestling.com\/nw\/wp-json\/wp\/v2\/comments?post=119667"}],"version-history":[{"count":4,"href":"https:\/\/www.prwrestling.com\/nw\/wp-json\/wp\/v2\/posts\/119667\/revisions"}],"predecessor-version":[{"id":119673,"href":"https:\/\/www.prwrestling.com\/nw\/wp-json\/wp\/v2\/posts\/119667\/revisions\/119673"}],"wp:featuredmedia":[{"embeddable":true,"href":"https:\/\/www.prwrestling.com\/nw\/wp-json\/wp\/v2\/media\/28302"}],"wp:attachment":[{"href":"https:\/\/www.prwrestling.com\/nw\/wp-json\/wp\/v2\/media?parent=119667"}],"wp:term":[{"taxonomy":"category","embeddable":true,"href":"https:\/\/www.prwrestling.com\/nw\/wp-json\/wp\/v2\/categories?post=119667"},{"taxonomy":"post_tag","embeddable":true,"href":"https:\/\/www.prwrestling.com\/nw\/wp-json\/wp\/v2\/tags?post=119667"}],"curies":[{"name":"wp","href":"https:\/\/api.w.org\/{rel}","templated":true}]}}