{"id":119798,"date":"2019-12-24T12:04:23","date_gmt":"2019-12-24T17:04:23","guid":{"rendered":"https:\/\/www.prwrestling.com\/nw\/?p=119798"},"modified":"2019-12-24T12:05:46","modified_gmt":"2019-12-24T17:05:46","slug":"posible-razon-por-la-que-orton-no-firmo-con-aew","status":"publish","type":"post","link":"https:\/\/www.prwrestling.com\/nw\/posible-razon-por-la-que-orton-no-firmo-con-aew\/","title":{"rendered":"Posible raz\u00f3n por la que Orton no firm\u00f3 con AEW"},"content":{"rendered":"<p>Parece que hay una historia detr\u00e1s de los recientes ataques de Randy Orton hacia AEW.<!--more--><div id=\"ad-slot\" style=\"min-width: 300px; min-height: 250px;\">\r\n<p style=\"text-align: center;\">\r\n<script async src=\"https:\/\/pagead2.googlesyndication.com\/pagead\/js\/adsbygoogle.js\"><\/script>\r\n<!-- 300x250 sc a -->\r\n<ins class=\"adsbygoogle\"\r\n     style=\"display:inline-block;width:300px;height:250px\"\r\n     data-ad-client=\"ca-pub-1244235910658811\"\r\n     data-ad-slot=\"8592682546\"><\/ins>\r\n<script>\r\n     (adsbygoogle = window.adsbygoogle || []).push({});\r\n<\/script><\/center>\r\n<\/p><\/div><br \/>\n<a href=\"http:\/\/F4Wonline.com\" target=\"_blank\" rel=\"noopener\">F4Wonline<\/a> reporta que el contrato que AEW le hab\u00eda ofrecido a Randy Orton se consideraba mucho m\u00e1s peque\u00f1o que el de Chris Jericho. Se especula que Orton rechaz\u00f3 el contrato porque sinti\u00f3 que deber\u00eda haber sido por una cantidad monetaria m\u00e1s alta que Jericho, y como ya sabemos, Orton termin\u00f3 firmando extension con WWE.<\/p>\n<p>Esta informaci\u00f3n sali\u00f3 a la luz despu\u00e9s de que Orton continuara su &#8220;enemistad&#8221; con Tony Khan y AEW. Su m\u00e1s reciente ataque fue el pasado mi\u00e9rcoles luego de que se difundiera en las redes el pietaje del luchador enmascarado lanzando golpes fantasmas en el segmento final de Dynamite. Orton retuite\u00f3 el video con una serie de insultos hacia el luchador, el segmento y la compa\u00f1\u00eda.<\/p>\n<p>El mes pasado, Randy Orton y Tony Khan tambi\u00e9n entraron en un peque\u00f1o intercambio en Twitter cuando Khan hizo una broma sobre el incidente del avi\u00f3n de Arabia Saudita. Orton tom\u00f3 represalias sacando informaci\u00f3n antigua sobre el padre de Khan, y Khan respondi\u00f3 record\u00e1ndole a Orton el momento en que dijo insulto racial durante una transmisi\u00f3n en l\u00ednea.<\/p>\n","protected":false},"excerpt":{"rendered":"<p>Parece que hay una historia detr\u00e1s de los recientes ataques de Randy Orton hacia AEW.<\/p>\n","protected":false},"author":1,"featured_media":3883,"comment_status":"open","ping_status":"closed","sticky":false,"template":"","format":"standard","meta":{"footnotes":""},"categories":[5,38],"tags":[1354,1936],"class_list":{"0":"post-119798","1":"post","2":"type-post","3":"status-publish","4":"format-standard","5":"has-post-thumbnail","7":"category-noticias","8":"category-noticias-y-rumores-de-la-wwe","9":"tag-aew","10":"tag-randy-orton"},"_links":{"self":[{"href":"https:\/\/www.prwrestling.com\/nw\/wp-json\/wp\/v2\/posts\/119798","targetHints":{"allow":["GET"]}}],"collection":[{"href":"https:\/\/www.prwrestling.com\/nw\/wp-json\/wp\/v2\/posts"}],"about":[{"href":"https:\/\/www.prwrestling.com\/nw\/wp-json\/wp\/v2\/types\/post"}],"author":[{"embeddable":true,"href":"https:\/\/www.prwrestling.com\/nw\/wp-json\/wp\/v2\/users\/1"}],"replies":[{"embeddable":true,"href":"https:\/\/www.prwrestling.com\/nw\/wp-json\/wp\/v2\/comments?post=119798"}],"version-history":[{"count":2,"href":"https:\/\/www.prwrestling.com\/nw\/wp-json\/wp\/v2\/posts\/119798\/revisions"}],"predecessor-version":[{"id":119801,"href":"https:\/\/www.prwrestling.com\/nw\/wp-json\/wp\/v2\/posts\/119798\/revisions\/119801"}],"wp:featuredmedia":[{"embeddable":true,"href":"https:\/\/www.prwrestling.com\/nw\/wp-json\/wp\/v2\/media\/3883"}],"wp:attachment":[{"href":"https:\/\/www.prwrestling.com\/nw\/wp-json\/wp\/v2\/media?parent=119798"}],"wp:term":[{"taxonomy":"category","embeddable":true,"href":"https:\/\/www.prwrestling.com\/nw\/wp-json\/wp\/v2\/categories?post=119798"},{"taxonomy":"post_tag","embeddable":true,"href":"https:\/\/www.prwrestling.com\/nw\/wp-json\/wp\/v2\/tags?post=119798"}],"curies":[{"name":"wp","href":"https:\/\/api.w.org\/{rel}","templated":true}]}}