{"id":119823,"date":"2019-12-25T07:13:33","date_gmt":"2019-12-25T12:13:33","guid":{"rendered":"https:\/\/www.prwrestling.com\/nw\/?p=119823"},"modified":"2019-12-25T07:16:33","modified_gmt":"2019-12-25T12:16:33","slug":"bayley-confiesa-ha-sido-raro-ser-ruda","status":"publish","type":"post","link":"https:\/\/www.prwrestling.com\/nw\/bayley-confiesa-ha-sido-raro-ser-ruda\/","title":{"rendered":"Bayley confiesa ha sido &#8220;raro&#8221; ser ruda"},"content":{"rendered":"<p>Bayley estuvo de invitada en el <a href=\"https:\/\/www.radio.com\/media\/podcast\/heated-conversations-hosted-booker-t\" target=\"_blank\" rel=\"noopener\">podcast de Booker T<\/a>, en donde habl\u00f3 sobre sus deseos de cambiar al bando rudo, cambio que por fin logr\u00f3 en la etapa final del 2019.<!--more--><div id=\"ad-slot\" style=\"min-width: 300px; min-height: 250px;\">\r\n<p style=\"text-align: center;\">\r\n<script async src=\"https:\/\/pagead2.googlesyndication.com\/pagead\/js\/adsbygoogle.js\"><\/script>\r\n<!-- 300x250 sc a -->\r\n<ins class=\"adsbygoogle\"\r\n     style=\"display:inline-block;width:300px;height:250px\"\r\n     data-ad-client=\"ca-pub-1244235910658811\"\r\n     data-ad-slot=\"8592682546\"><\/ins>\r\n<script>\r\n     (adsbygoogle = window.adsbygoogle || []).push({});\r\n<\/script><\/center>\r\n<\/p><\/div><br \/>\nDurante a\u00f1os, Bayley se desempe\u00f1aba como luchadora t\u00e9cnica (babyface) en la WWE, pero eso cambi\u00f3. Le preguntaron c\u00f3mo se siente ser ruda despu\u00e9s de ser \u201cbuena\u201d durante tanto tiempo.<\/p>\n<p>&#8220;Ha sido raro para m\u00ed porque durante siete a\u00f1os tuve el mismo personaje con la misma base de fans durante mucho tiempo&#8221;, dijo Bayley. &#8220;Todo el tiempo, especialmente hacia el final, segu\u00eda diciendo que realmente quer\u00eda hacer algo diferente. Quiero ser mala. Quiero ser mala. Ser\u00e1 m\u00e1s f\u00e1cil. S\u00e9 exactamente lo que har\u00e9 y yo sabr\u00eda c\u00f3mo actuar, pero cuando ahora llego a eso estoy como, \u00bfqu\u00e9 demonios estoy haciendo? \u00bfY ahora qu\u00e9?\u201d<\/p>\n<p>&#8220;Todo es un proceso de aprendizaje, pero es divertido. En mi carrera, quiero poder hacer todo y atravesar todas las diferentes avenidas y todas las olas. No quiero permanecer en el mismo camino todo del tiempo,&#8221; dijo la luchadora.<br \/>\n<iframe loading=\"lazy\" width=\"560\" height=\"315\" src=\"https:\/\/www.youtube.com\/embed\/r3kYW4iEZ4s\" frameborder=\"0\" allow=\"accelerometer; autoplay; encrypted-media; gyroscope; picture-in-picture\" allowfullscreen><\/iframe><\/p>\n","protected":false},"excerpt":{"rendered":"<p>Bayley estuvo de invitada en el podcast de Booker T, en donde habl\u00f3 sobre sus deseos de cambiar al bando rudo, cambio que por fin logr\u00f3 en la etapa final del 2019.<\/p>\n","protected":false},"author":1,"featured_media":118245,"comment_status":"open","ping_status":"closed","sticky":false,"template":"","format":"standard","meta":{"footnotes":""},"categories":[5,38],"tags":[2025,9],"class_list":{"0":"post-119823","1":"post","2":"type-post","3":"status-publish","4":"format-standard","5":"has-post-thumbnail","7":"category-noticias","8":"category-noticias-y-rumores-de-la-wwe","9":"tag-bayley","10":"tag-wwe"},"_links":{"self":[{"href":"https:\/\/www.prwrestling.com\/nw\/wp-json\/wp\/v2\/posts\/119823","targetHints":{"allow":["GET"]}}],"collection":[{"href":"https:\/\/www.prwrestling.com\/nw\/wp-json\/wp\/v2\/posts"}],"about":[{"href":"https:\/\/www.prwrestling.com\/nw\/wp-json\/wp\/v2\/types\/post"}],"author":[{"embeddable":true,"href":"https:\/\/www.prwrestling.com\/nw\/wp-json\/wp\/v2\/users\/1"}],"replies":[{"embeddable":true,"href":"https:\/\/www.prwrestling.com\/nw\/wp-json\/wp\/v2\/comments?post=119823"}],"version-history":[{"count":2,"href":"https:\/\/www.prwrestling.com\/nw\/wp-json\/wp\/v2\/posts\/119823\/revisions"}],"predecessor-version":[{"id":119826,"href":"https:\/\/www.prwrestling.com\/nw\/wp-json\/wp\/v2\/posts\/119823\/revisions\/119826"}],"wp:featuredmedia":[{"embeddable":true,"href":"https:\/\/www.prwrestling.com\/nw\/wp-json\/wp\/v2\/media\/118245"}],"wp:attachment":[{"href":"https:\/\/www.prwrestling.com\/nw\/wp-json\/wp\/v2\/media?parent=119823"}],"wp:term":[{"taxonomy":"category","embeddable":true,"href":"https:\/\/www.prwrestling.com\/nw\/wp-json\/wp\/v2\/categories?post=119823"},{"taxonomy":"post_tag","embeddable":true,"href":"https:\/\/www.prwrestling.com\/nw\/wp-json\/wp\/v2\/tags?post=119823"}],"curies":[{"name":"wp","href":"https:\/\/api.w.org\/{rel}","templated":true}]}}