{"id":119861,"date":"2019-12-26T12:16:33","date_gmt":"2019-12-26T17:16:33","guid":{"rendered":"https:\/\/www.prwrestling.com\/nw\/?p=119861"},"modified":"2019-12-26T12:55:41","modified_gmt":"2019-12-26T17:55:41","slug":"wwe-publica-las-10-superestrellas-de-la-decada","status":"publish","type":"post","link":"https:\/\/www.prwrestling.com\/nw\/wwe-publica-las-10-superestrellas-de-la-decada\/","title":{"rendered":"WWE debate las 10 Superestrellas de la d\u00e9cada"},"content":{"rendered":"<p>El cierre de 2019 significa que estamos a punto de entrar en una nueva d\u00e9cada.<!--more--> Ahora WWE est\u00e1 echando un vistazo a algunas de las Superestrellas que se destacaron en los pasados 10 a\u00f1os.<div id=\"ad-slot\" style=\"min-width: 300px; min-height: 250px;\">\r\n<p style=\"text-align: center;\">\r\n<script async src=\"https:\/\/pagead2.googlesyndication.com\/pagead\/js\/adsbygoogle.js\"><\/script>\r\n<!-- 300x250 sc a -->\r\n<ins class=\"adsbygoogle\"\r\n     style=\"display:inline-block;width:300px;height:250px\"\r\n     data-ad-client=\"ca-pub-1244235910658811\"\r\n     data-ad-slot=\"8592682546\"><\/ins>\r\n<script>\r\n     (adsbygoogle = window.adsbygoogle || []).push({});\r\n<\/script><\/center>\r\n<\/p><\/div><br \/>\nWWE acaba de publicar una lista en la que debaten sobre qui\u00e9n fue la Superestrella #1 en la \u00faltima d\u00e9cada. Los talentos que mencionaron sin distinci\u00f3n de orden de importancia fueron:<\/p>\n<p>Seth Rollins<br \/>\nRoman Reigns<br \/>\nJohn Cena<br \/>\nKofi Kingston<br \/>\nBrock Lesnar<br \/>\nDaniel Bryan<br \/>\nBecky Lynch<br \/>\nRandy Orton<br \/>\nThe Miz<br \/>\nSheamus<\/p>\n<p>Hay omisiones obvias de esa lista como CM Punk, Dean Ambrose, o cualquier otra persona que dej\u00f3 la empresa. Hay quien tambi\u00e9n podr\u00eda sugerir qu\u00e9 otras f\u00e9minas tuvieron m\u00e1s impacto que Becky Lynch.<\/p>\n<p><strong>\u00bfQui\u00e9n para ti fue la s\u00faper estrella n\u00famero uno de la d\u00e9cada en la WWE? opina abajo<\/strong><\/p>\n","protected":false},"excerpt":{"rendered":"<p>El cierre de 2019 significa que estamos a punto de entrar en una nueva d\u00e9cada.<\/p>\n","protected":false},"author":1,"featured_media":106452,"comment_status":"open","ping_status":"closed","sticky":false,"template":"","format":"standard","meta":{"footnotes":""},"categories":[5,38],"tags":[],"class_list":{"0":"post-119861","1":"post","2":"type-post","3":"status-publish","4":"format-standard","5":"has-post-thumbnail","7":"category-noticias","8":"category-noticias-y-rumores-de-la-wwe"},"_links":{"self":[{"href":"https:\/\/www.prwrestling.com\/nw\/wp-json\/wp\/v2\/posts\/119861","targetHints":{"allow":["GET"]}}],"collection":[{"href":"https:\/\/www.prwrestling.com\/nw\/wp-json\/wp\/v2\/posts"}],"about":[{"href":"https:\/\/www.prwrestling.com\/nw\/wp-json\/wp\/v2\/types\/post"}],"author":[{"embeddable":true,"href":"https:\/\/www.prwrestling.com\/nw\/wp-json\/wp\/v2\/users\/1"}],"replies":[{"embeddable":true,"href":"https:\/\/www.prwrestling.com\/nw\/wp-json\/wp\/v2\/comments?post=119861"}],"version-history":[{"count":3,"href":"https:\/\/www.prwrestling.com\/nw\/wp-json\/wp\/v2\/posts\/119861\/revisions"}],"predecessor-version":[{"id":119865,"href":"https:\/\/www.prwrestling.com\/nw\/wp-json\/wp\/v2\/posts\/119861\/revisions\/119865"}],"wp:featuredmedia":[{"embeddable":true,"href":"https:\/\/www.prwrestling.com\/nw\/wp-json\/wp\/v2\/media\/106452"}],"wp:attachment":[{"href":"https:\/\/www.prwrestling.com\/nw\/wp-json\/wp\/v2\/media?parent=119861"}],"wp:term":[{"taxonomy":"category","embeddable":true,"href":"https:\/\/www.prwrestling.com\/nw\/wp-json\/wp\/v2\/categories?post=119861"},{"taxonomy":"post_tag","embeddable":true,"href":"https:\/\/www.prwrestling.com\/nw\/wp-json\/wp\/v2\/tags?post=119861"}],"curies":[{"name":"wp","href":"https:\/\/api.w.org\/{rel}","templated":true}]}}