{"id":119942,"date":"2019-12-28T15:58:15","date_gmt":"2019-12-28T20:58:15","guid":{"rendered":"https:\/\/www.prwrestling.com\/nw\/?p=119942"},"modified":"2019-12-28T16:02:33","modified_gmt":"2019-12-28T21:02:33","slug":"ryback-responde-los-elogios-de-austin-a-andrade","status":"publish","type":"post","link":"https:\/\/www.prwrestling.com\/nw\/ryback-responde-los-elogios-de-austin-a-andrade\/","title":{"rendered":"Ryback responde a los elogios de Austin a Andrade"},"content":{"rendered":"<p>Durante un episodio reciente de su podcast &#8220;Conversations With The Big Guy&#8221;, Ryback estuvo de acuerdo con la reciente entrevista de <a href=\"https:\/\/www.si.com\/\" target=\"_blank\" rel=\"noopener\">Sports Illustrated<\/a> con Steve Austin que lo vio elogiar a Andrade. <!--more--><\/p>\n<p>En la entrevista, Austin dijo que Andrade mostr\u00f3 lo necesario para ser un luchador del tope desde el primer dia que lo vio, y cree que Andrade ser\u00e1 el pr\u00f3ximo talento de la WWE que encontrar\u00e1 el estrellato.<br \/>\n<div id=\"ad-slot\" style=\"min-width: 300px; min-height: 250px;\">\r\n<p style=\"text-align: center;\">\r\n<script async src=\"https:\/\/pagead2.googlesyndication.com\/pagead\/js\/adsbygoogle.js\"><\/script>\r\n<!-- 300x250 sc a -->\r\n<ins class=\"adsbygoogle\"\r\n     style=\"display:inline-block;width:300px;height:250px\"\r\n     data-ad-client=\"ca-pub-1244235910658811\"\r\n     data-ad-slot=\"8592682546\"><\/ins>\r\n<script>\r\n     (adsbygoogle = window.adsbygoogle || []).push({});\r\n<\/script><\/center>\r\n<\/p><\/div><br \/>\nRyback est\u00e1 de acuerdo y se\u00f1al\u00f3 que la WWE necesita centrarse m\u00e1s en convertirlo en una superestrella. Esto es lo que tuvo que decir:<\/p>\n<p>\u201cCuando miro a Andrade, \u00e9l tiene presencia y se comporta muy bien. Ese es el tipo por el que creativo tiene que proteger, y necesita algo con una historia y presencia, y para lograr un cierto desarrollo del personaje con el tiempo, y estar en los \u00e1ngulos correctos, y ganar encuentros en el momento correcto.\u201d<\/p>\n<p>\u201cCreo que Steve Austin da en el clavo con todo eso. Es dif\u00edcil discutir desde un punto de vista dentro del ring. Hemos visto en la historia de la lucha libre donde los muchachos son geniales en el ring y nunca llegan a lo que podr\u00edan ser, ah\u00ed es donde WWE viene y tiene que hacer que todo suceda.\u201d<\/p>\n","protected":false},"excerpt":{"rendered":"<p>Durante un episodio reciente de su podcast &#8220;Conversations With The Big Guy&#8221;, Ryback estuvo de acuerdo con la reciente entrevista de Sports Illustrated con Steve Austin que lo vio elogiar a Andrade.<\/p>\n","protected":false},"author":1,"featured_media":119943,"comment_status":"open","ping_status":"closed","sticky":false,"template":"","format":"standard","meta":{"footnotes":""},"categories":[5,38],"tags":[1965,9],"class_list":{"0":"post-119942","1":"post","2":"type-post","3":"status-publish","4":"format-standard","5":"has-post-thumbnail","7":"category-noticias","8":"category-noticias-y-rumores-de-la-wwe","9":"tag-andrade","10":"tag-wwe"},"_links":{"self":[{"href":"https:\/\/www.prwrestling.com\/nw\/wp-json\/wp\/v2\/posts\/119942","targetHints":{"allow":["GET"]}}],"collection":[{"href":"https:\/\/www.prwrestling.com\/nw\/wp-json\/wp\/v2\/posts"}],"about":[{"href":"https:\/\/www.prwrestling.com\/nw\/wp-json\/wp\/v2\/types\/post"}],"author":[{"embeddable":true,"href":"https:\/\/www.prwrestling.com\/nw\/wp-json\/wp\/v2\/users\/1"}],"replies":[{"embeddable":true,"href":"https:\/\/www.prwrestling.com\/nw\/wp-json\/wp\/v2\/comments?post=119942"}],"version-history":[{"count":4,"href":"https:\/\/www.prwrestling.com\/nw\/wp-json\/wp\/v2\/posts\/119942\/revisions"}],"predecessor-version":[{"id":119948,"href":"https:\/\/www.prwrestling.com\/nw\/wp-json\/wp\/v2\/posts\/119942\/revisions\/119948"}],"wp:featuredmedia":[{"embeddable":true,"href":"https:\/\/www.prwrestling.com\/nw\/wp-json\/wp\/v2\/media\/119943"}],"wp:attachment":[{"href":"https:\/\/www.prwrestling.com\/nw\/wp-json\/wp\/v2\/media?parent=119942"}],"wp:term":[{"taxonomy":"category","embeddable":true,"href":"https:\/\/www.prwrestling.com\/nw\/wp-json\/wp\/v2\/categories?post=119942"},{"taxonomy":"post_tag","embeddable":true,"href":"https:\/\/www.prwrestling.com\/nw\/wp-json\/wp\/v2\/tags?post=119942"}],"curies":[{"name":"wp","href":"https:\/\/api.w.org\/{rel}","templated":true}]}}