{"id":119981,"date":"2019-12-30T06:44:12","date_gmt":"2019-12-30T11:44:12","guid":{"rendered":"https:\/\/www.prwrestling.com\/nw\/?p=119981"},"modified":"2019-12-30T06:53:45","modified_gmt":"2019-12-30T11:53:45","slug":"detienen-lucha-tras-lesion-de-randy-orton","status":"publish","type":"post","link":"https:\/\/www.prwrestling.com\/nw\/detienen-lucha-tras-lesion-de-randy-orton\/","title":{"rendered":"Detienen lucha tras lesi\u00f3n de Randy Orton"},"content":{"rendered":"<p>Seg\u00fan informes de personas presentes, Randy Orton se lastim\u00f3 el \u00e1rea de la rodilla durante el evento en vivo de la WWE en la noche del domingo en Hershey, Pensilvania.<!--more--><div id=\"ad-slot\" style=\"min-width: 300px; min-height: 250px;\">\r\n<p style=\"text-align: center;\">\r\n<script async src=\"https:\/\/pagead2.googlesyndication.com\/pagead\/js\/adsbygoogle.js\"><\/script>\r\n<!-- 300x250 sc a -->\r\n<ins class=\"adsbygoogle\"\r\n     style=\"display:inline-block;width:300px;height:250px\"\r\n     data-ad-client=\"ca-pub-1244235910658811\"\r\n     data-ad-slot=\"8592682546\"><\/ins>\r\n<script>\r\n     (adsbygoogle = window.adsbygoogle || []).push({});\r\n<\/script><\/center>\r\n<\/p><\/div><br \/>\nSeg\u00fan varios fan\u00e1ticos en Twitter, la lesi\u00f3n ocurri\u00f3 minutos despu\u00e9s de su encuentro contra AJ Styles comenzara.  Orton no pudo terminar la lucha y fue ayudado a la parte posterior por los funcionarios.<\/p>\n<blockquote class=\"twitter-tweet\">\n<p lang=\"en\" dir=\"ltr\">Randy Orton goes down with an injury at <a href=\"https:\/\/twitter.com\/hashtag\/WWEHershey?src=hash&amp;ref_src=twsrc%5Etfw\" target=\"_blank\" rel=\"noopener\">#WWEHershey<\/a> <a href=\"https:\/\/t.co\/ILVUyD8q0L\">pic.twitter.com\/ILVUyD8q0L<\/a><\/p>\n<p>&mdash; Jessi Davin (@jessithebuckeye) <a href=\"https:\/\/twitter.com\/jessithebuckeye\/status\/1211463425366413312?ref_src=twsrc%5Etfw\" target=\"_blank\" rel=\"noopener\">December 30, 2019<\/a><\/p><\/blockquote>\n<p> <script async src=\"https:\/\/platform.twitter.com\/widgets.js\" charset=\"utf-8\"><\/script><\/p>\n<blockquote class=\"twitter-tweet\">\n<p lang=\"en\" dir=\"ltr\">Orton possibly injured&#8230;.<a href=\"https:\/\/twitter.com\/hashtag\/wwehershey?src=hash&amp;ref_src=twsrc%5Etfw\" target=\"_blank\" rel=\"noopener\">#wwehershey<\/a> <a href=\"https:\/\/t.co\/CI0qMsbiYH\">pic.twitter.com\/CI0qMsbiYH<\/a><\/p>\n<p>&mdash; Chuck Bennedum (@IHPhaus44) <a href=\"https:\/\/twitter.com\/IHPhaus44\/status\/1211463375550586882?ref_src=twsrc%5Etfw\" target=\"_blank\" rel=\"noopener\">December 30, 2019<\/a><\/p><\/blockquote>\n<p> <script async src=\"https:\/\/platform.twitter.com\/widgets.js\" charset=\"utf-8\"><\/script><\/p>\n","protected":false},"excerpt":{"rendered":"<p>Seg\u00fan informes de personas presentes, Randy Orton se lastim\u00f3 el \u00e1rea de la rodilla durante el evento en vivo de la WWE en la noche del domingo en Hershey, Pensilvania.<\/p>\n","protected":false},"author":1,"featured_media":119982,"comment_status":"open","ping_status":"closed","sticky":false,"template":"","format":"standard","meta":{"footnotes":""},"categories":[5,38],"tags":[],"class_list":{"0":"post-119981","1":"post","2":"type-post","3":"status-publish","4":"format-standard","5":"has-post-thumbnail","7":"category-noticias","8":"category-noticias-y-rumores-de-la-wwe"},"_links":{"self":[{"href":"https:\/\/www.prwrestling.com\/nw\/wp-json\/wp\/v2\/posts\/119981","targetHints":{"allow":["GET"]}}],"collection":[{"href":"https:\/\/www.prwrestling.com\/nw\/wp-json\/wp\/v2\/posts"}],"about":[{"href":"https:\/\/www.prwrestling.com\/nw\/wp-json\/wp\/v2\/types\/post"}],"author":[{"embeddable":true,"href":"https:\/\/www.prwrestling.com\/nw\/wp-json\/wp\/v2\/users\/1"}],"replies":[{"embeddable":true,"href":"https:\/\/www.prwrestling.com\/nw\/wp-json\/wp\/v2\/comments?post=119981"}],"version-history":[{"count":3,"href":"https:\/\/www.prwrestling.com\/nw\/wp-json\/wp\/v2\/posts\/119981\/revisions"}],"predecessor-version":[{"id":119986,"href":"https:\/\/www.prwrestling.com\/nw\/wp-json\/wp\/v2\/posts\/119981\/revisions\/119986"}],"wp:featuredmedia":[{"embeddable":true,"href":"https:\/\/www.prwrestling.com\/nw\/wp-json\/wp\/v2\/media\/119982"}],"wp:attachment":[{"href":"https:\/\/www.prwrestling.com\/nw\/wp-json\/wp\/v2\/media?parent=119981"}],"wp:term":[{"taxonomy":"category","embeddable":true,"href":"https:\/\/www.prwrestling.com\/nw\/wp-json\/wp\/v2\/categories?post=119981"},{"taxonomy":"post_tag","embeddable":true,"href":"https:\/\/www.prwrestling.com\/nw\/wp-json\/wp\/v2\/tags?post=119981"}],"curies":[{"name":"wp","href":"https:\/\/api.w.org\/{rel}","templated":true}]}}