{"id":120120,"date":"2020-01-04T07:00:57","date_gmt":"2020-01-04T12:00:57","guid":{"rendered":"https:\/\/www.prwrestling.com\/nw\/?p=120120"},"modified":"2020-01-03T23:53:19","modified_gmt":"2020-01-04T04:53:19","slug":"pr-wwc-abre-temporada-hoy-con-tejano-jr-banderas-y-los-colons-en-accion","status":"publish","type":"post","link":"https:\/\/www.prwrestling.com\/nw\/pr-wwc-abre-temporada-hoy-con-tejano-jr-banderas-y-los-colons-en-accion\/","title":{"rendered":"PR: WWC abre temporada hoy con Tejano Jr, Banderas, y Los Colons en acci\u00f3n"},"content":{"rendered":"<p>WWC comienza su temporada 2020 hoy s\u00e1bado con EUPHORIA &#8220;Regresa la Tradici\u00f3n&#8221;, en el Coliseo Rub\u00e9n Rodr\u00edguez de Bayam\u00f3n.<!--more--><\/p>\n<p>A continuaci\u00f3n los encuentros anunciados para la noche:<div id=\"ad-slot\" style=\"min-width: 300px; min-height: 250px;\">\r\n<p style=\"text-align: center;\">\r\n<script async src=\"https:\/\/pagead2.googlesyndication.com\/pagead\/js\/adsbygoogle.js\"><\/script>\r\n<!-- 300x250 sc a -->\r\n<ins class=\"adsbygoogle\"\r\n     style=\"display:inline-block;width:300px;height:250px\"\r\n     data-ad-client=\"ca-pub-1244235910658811\"\r\n     data-ad-slot=\"8592682546\"><\/ins>\r\n<script>\r\n     (adsbygoogle = window.adsbygoogle || []).push({});\r\n<\/script><\/center>\r\n<\/p><\/div><\/p>\n<p>Por el Campeonato Universal<br \/>\nOrlando &#8220;La Pesadilla&#8221; Col\u00f3n vs Tejano Jr.<\/p>\n<p>Lucha Ordenada por Ray Gonz\u00e1lez<br \/>\n&#8220;El Mesias&#8221; Ricky Banderas vs Eddie &#8220;La Maravilla&#8221; Col\u00f3n<\/p>\n<p>Carlito Caribbean Cool vs &#8220;The Precious One&#8221; Gilbert<\/p>\n<p>Por el Campeonato de Puerto Rico<br \/>\nBellito Calder\u00f3n vs &#8220;El Poder\u00edo&#8221; Mighty Ursus<\/p>\n<p>Por el Campeonato de la TV<br \/>\nZcion RT1 vs El Gran Armando (acompa\u00f1ado por El Wizard)<\/p>\n<p>Por los campeonatos Mundiales en Parejas<br \/>\nLa Revoluci\u00f3n vs Khaos y Abaddon (acompa\u00f1ados por Pedro Portillo III)<\/p>\n<p>La Potencia vs Doom Patrol<\/p>\n<p>El Cafe del Milenio, donde Ray Gonz\u00e1lez tiene como invitado a Peter John Ramos<\/p>\n<p>Entrada General $15.00<br \/>\nMenores hasta 10 a\u00f1os $5.00<\/p>\n","protected":false},"excerpt":{"rendered":"<p>WWC comienza su temporada 2020 hoy s\u00e1bado con EUPHORIA &#8220;Regresa la Tradici\u00f3n&#8221;, en el Coliseo Rub\u00e9n Rodr\u00edguez de Bayam\u00f3n.<\/p>\n","protected":false},"author":1,"featured_media":120121,"comment_status":"open","ping_status":"closed","sticky":false,"template":"","format":"standard","meta":{"footnotes":""},"categories":[5],"tags":[34],"class_list":{"0":"post-120120","1":"post","2":"type-post","3":"status-publish","4":"format-standard","5":"has-post-thumbnail","7":"category-noticias","8":"tag-wwc"},"_links":{"self":[{"href":"https:\/\/www.prwrestling.com\/nw\/wp-json\/wp\/v2\/posts\/120120","targetHints":{"allow":["GET"]}}],"collection":[{"href":"https:\/\/www.prwrestling.com\/nw\/wp-json\/wp\/v2\/posts"}],"about":[{"href":"https:\/\/www.prwrestling.com\/nw\/wp-json\/wp\/v2\/types\/post"}],"author":[{"embeddable":true,"href":"https:\/\/www.prwrestling.com\/nw\/wp-json\/wp\/v2\/users\/1"}],"replies":[{"embeddable":true,"href":"https:\/\/www.prwrestling.com\/nw\/wp-json\/wp\/v2\/comments?post=120120"}],"version-history":[{"count":1,"href":"https:\/\/www.prwrestling.com\/nw\/wp-json\/wp\/v2\/posts\/120120\/revisions"}],"predecessor-version":[{"id":120122,"href":"https:\/\/www.prwrestling.com\/nw\/wp-json\/wp\/v2\/posts\/120120\/revisions\/120122"}],"wp:featuredmedia":[{"embeddable":true,"href":"https:\/\/www.prwrestling.com\/nw\/wp-json\/wp\/v2\/media\/120121"}],"wp:attachment":[{"href":"https:\/\/www.prwrestling.com\/nw\/wp-json\/wp\/v2\/media?parent=120120"}],"wp:term":[{"taxonomy":"category","embeddable":true,"href":"https:\/\/www.prwrestling.com\/nw\/wp-json\/wp\/v2\/categories?post=120120"},{"taxonomy":"post_tag","embeddable":true,"href":"https:\/\/www.prwrestling.com\/nw\/wp-json\/wp\/v2\/tags?post=120120"}],"curies":[{"name":"wp","href":"https:\/\/api.w.org\/{rel}","templated":true}]}}