{"id":120357,"date":"2020-01-14T11:06:46","date_gmt":"2020-01-14T16:06:46","guid":{"rendered":"https:\/\/www.prwrestling.com\/nw\/?p=120357"},"modified":"2020-01-14T11:10:43","modified_gmt":"2020-01-14T16:10:43","slug":"como-ec3-y-maverick-quedaron-de-nuevo-en-el-olvido","status":"publish","type":"post","link":"https:\/\/www.prwrestling.com\/nw\/como-ec3-y-maverick-quedaron-de-nuevo-en-el-olvido\/","title":{"rendered":"C\u00f3mo EC3 y Maverick quedaron de nuevo en el olvido"},"content":{"rendered":"<p>Seg\u00fan <a href=\"http:\/\/f4wonline.com\" target=\"_blank\" rel=\"noopener\">F4WOnline<\/a>, se comenta tras bastidores en la WWE que Vince McMahon perdi\u00f3 inter\u00e9s en impulsar EC3 despu\u00e9s de que<!--more--> su impulso inicial, para \u00e9l, fallara.<div id=\"ad-slot\" style=\"min-width: 300px; min-height: 250px;\">\r\n<p style=\"text-align: center;\">\r\n<script async src=\"https:\/\/pagead2.googlesyndication.com\/pagead\/js\/adsbygoogle.js\"><\/script>\r\n<!-- 300x250 sc a -->\r\n<ins class=\"adsbygoogle\"\r\n     style=\"display:inline-block;width:300px;height:250px\"\r\n     data-ad-client=\"ca-pub-1244235910658811\"\r\n     data-ad-slot=\"8592682546\"><\/ins>\r\n<script>\r\n     (adsbygoogle = window.adsbygoogle || []).push({});\r\n<\/script><\/center>\r\n<\/p><\/div><br \/>\nEC3 comenz\u00f3 un programa con <a href=\"https:\/\/www.prwrestling.com\/nw\/tag\/jon-moxley\/\">Dean Ambrose<\/a> justo antes de este irse a AEW que termin\u00f3 descarrilado ya que se supon\u00eda que Ambrose estaba trabajando como rudo, pero los fan\u00e1ticos se negaron a verlo como el malo. Esto provoc\u00f3 que EC3 recibiera abucheos de la audiencia.<\/p>\n<p>Ambrose mencion\u00f3 durante su aparici\u00f3n como invitado en el podcast de Chris Jericho que EC3 fue v\u00edctima de una mal booking por parte de WWE y que la culpa fue puesta injustamente sobre sus hombros.<\/p>\n<p>WWE intent\u00f3 hacer varias cosas con EC3 en los house shows, pero a McMahon tampoco le gustaron. En un momento, EC3 se asoci\u00f3 con Drake Maverick como su manager, pero eso se abandon\u00f3 r\u00e1pidamente.<\/p>\n<p>En cuanto a Maverick, originalmente se iba a revelar que \u00e9l estaba ayudando a Baron Corbin durante su ri\u00f1a con Roman Reigns, pero eso tambi\u00e9n se abandon\u00f3. Corbin fue emparejado con Dolph Ziggler y Bobby Roode en su lugar.<\/p>\n<p>La historia de Drake Maverick con su esposa de la vida real tambi\u00e9n se ha abandonado y qued\u00f3 en el olvido inmediatamente que Maverick fuera removido de la escena del campeonato 24\/7. Maverick sigue siendo el Gerente General de 205 Live por ahora.<\/p>\n","protected":false},"excerpt":{"rendered":"<p>Seg\u00fan F4WOnline, se comenta tras bastidores en la WWE que Vince McMahon perdi\u00f3 inter\u00e9s en impulsar EC3 despu\u00e9s de que<\/p>\n","protected":false},"author":1,"featured_media":120361,"comment_status":"open","ping_status":"closed","sticky":false,"template":"","format":"standard","meta":{"footnotes":""},"categories":[5,38],"tags":[2551,9],"class_list":{"0":"post-120357","1":"post","2":"type-post","3":"status-publish","4":"format-standard","5":"has-post-thumbnail","7":"category-noticias","8":"category-noticias-y-rumores-de-la-wwe","9":"tag-ec3","10":"tag-wwe"},"_links":{"self":[{"href":"https:\/\/www.prwrestling.com\/nw\/wp-json\/wp\/v2\/posts\/120357","targetHints":{"allow":["GET"]}}],"collection":[{"href":"https:\/\/www.prwrestling.com\/nw\/wp-json\/wp\/v2\/posts"}],"about":[{"href":"https:\/\/www.prwrestling.com\/nw\/wp-json\/wp\/v2\/types\/post"}],"author":[{"embeddable":true,"href":"https:\/\/www.prwrestling.com\/nw\/wp-json\/wp\/v2\/users\/1"}],"replies":[{"embeddable":true,"href":"https:\/\/www.prwrestling.com\/nw\/wp-json\/wp\/v2\/comments?post=120357"}],"version-history":[{"count":2,"href":"https:\/\/www.prwrestling.com\/nw\/wp-json\/wp\/v2\/posts\/120357\/revisions"}],"predecessor-version":[{"id":120363,"href":"https:\/\/www.prwrestling.com\/nw\/wp-json\/wp\/v2\/posts\/120357\/revisions\/120363"}],"wp:featuredmedia":[{"embeddable":true,"href":"https:\/\/www.prwrestling.com\/nw\/wp-json\/wp\/v2\/media\/120361"}],"wp:attachment":[{"href":"https:\/\/www.prwrestling.com\/nw\/wp-json\/wp\/v2\/media?parent=120357"}],"wp:term":[{"taxonomy":"category","embeddable":true,"href":"https:\/\/www.prwrestling.com\/nw\/wp-json\/wp\/v2\/categories?post=120357"},{"taxonomy":"post_tag","embeddable":true,"href":"https:\/\/www.prwrestling.com\/nw\/wp-json\/wp\/v2\/tags?post=120357"}],"curies":[{"name":"wp","href":"https:\/\/api.w.org\/{rel}","templated":true}]}}