{"id":120563,"date":"2020-01-21T10:56:59","date_gmt":"2020-01-21T15:56:59","guid":{"rendered":"https:\/\/www.prwrestling.com\/nw\/?p=120563"},"modified":"2020-01-21T10:56:59","modified_gmt":"2020-01-21T15:56:59","slug":"bryan-revela-el-plan-original-de-la-perdida-de-su-cabello","status":"publish","type":"post","link":"https:\/\/www.prwrestling.com\/nw\/bryan-revela-el-plan-original-de-la-perdida-de-su-cabello\/","title":{"rendered":"Bryan revela el plan original de la p\u00e9rdida de su cabello"},"content":{"rendered":"<p>Mientras hablaba con My San Antonio, Daniel Bryan revel\u00f3 el plan inicial para perder su cabello.<!--more--> Al principio se supon\u00eda que era su barba, pero terminaron yendo con el pelo tambi\u00e9n.<div id=\"ad-slot\" style=\"min-width: 300px; min-height: 250px;\">\r\n<p style=\"text-align: center;\">\r\n<script async src=\"https:\/\/pagead2.googlesyndication.com\/pagead\/js\/adsbygoogle.js\"><\/script>\r\n<!-- 300x250 sc a -->\r\n<ins class=\"adsbygoogle\"\r\n     style=\"display:inline-block;width:300px;height:250px\"\r\n     data-ad-client=\"ca-pub-1244235910658811\"\r\n     data-ad-slot=\"8592682546\"><\/ins>\r\n<script>\r\n     (adsbygoogle = window.adsbygoogle || []).push({});\r\n<\/script><\/center>\r\n<\/p><\/div><br \/>\n&#8220;De hecho, fue mi idea. Y mi idea no era el cabello, solo la barba. Les dije esto como una idea de &#8220;OK, \u00bfc\u00f3mo extendemos esta historia con Bray Wyatt&#8221;, que es lo que quer\u00edan hacer, porque ya me ha derrotado limpiamente, \u00bfverdad? \u00bfComo hacemos eso? Una de las cosas para m\u00ed fue que cambi\u00f3 tanto el car\u00e1cter de las personas cuando las enfrent\u00f3. Y al arrancarme o cortarme la barba, ser\u00eda esta idea que me est\u00e1 despojando de parte de mi identidad.&#8221;<\/p>\n<p>&#8221; Ese fue mi propuesta para ellos. \u00bfLo que realmente pas\u00f3? Dijeron: &#8220;Bueno, s\u00ed, \u00a1entonces \u00e9l puede cortarte el pelo tambi\u00e9n!&#8221; Y yo dije: &#8220;No, realmente no quiero eso&#8221;. No quiero que me corten el pelo &#8220;. Quer\u00eda que mi cabello fuera m\u00e1s largo. Simplemente, siendo luchador, me gusta eso &#8220;.<\/p>\n<p>Bryan adem\u00e1s dijo que su esposa Brie Bella no estuvo contenta con el cambio de imagen ya que no le gusta la apariencia de cabezas semi rapadas.<\/p>\n","protected":false},"excerpt":{"rendered":"<p>Mientras hablaba con My San Antonio, Daniel Bryan revel\u00f3 el plan inicial para perder su cabello.<\/p>\n","protected":false},"author":1,"featured_media":119553,"comment_status":"open","ping_status":"closed","sticky":false,"template":"","format":"standard","meta":{"footnotes":""},"categories":[5,38],"tags":[1417,9],"class_list":{"0":"post-120563","1":"post","2":"type-post","3":"status-publish","4":"format-standard","5":"has-post-thumbnail","7":"category-noticias","8":"category-noticias-y-rumores-de-la-wwe","9":"tag-daniel-bryan","10":"tag-wwe"},"_links":{"self":[{"href":"https:\/\/www.prwrestling.com\/nw\/wp-json\/wp\/v2\/posts\/120563","targetHints":{"allow":["GET"]}}],"collection":[{"href":"https:\/\/www.prwrestling.com\/nw\/wp-json\/wp\/v2\/posts"}],"about":[{"href":"https:\/\/www.prwrestling.com\/nw\/wp-json\/wp\/v2\/types\/post"}],"author":[{"embeddable":true,"href":"https:\/\/www.prwrestling.com\/nw\/wp-json\/wp\/v2\/users\/1"}],"replies":[{"embeddable":true,"href":"https:\/\/www.prwrestling.com\/nw\/wp-json\/wp\/v2\/comments?post=120563"}],"version-history":[{"count":1,"href":"https:\/\/www.prwrestling.com\/nw\/wp-json\/wp\/v2\/posts\/120563\/revisions"}],"predecessor-version":[{"id":120564,"href":"https:\/\/www.prwrestling.com\/nw\/wp-json\/wp\/v2\/posts\/120563\/revisions\/120564"}],"wp:featuredmedia":[{"embeddable":true,"href":"https:\/\/www.prwrestling.com\/nw\/wp-json\/wp\/v2\/media\/119553"}],"wp:attachment":[{"href":"https:\/\/www.prwrestling.com\/nw\/wp-json\/wp\/v2\/media?parent=120563"}],"wp:term":[{"taxonomy":"category","embeddable":true,"href":"https:\/\/www.prwrestling.com\/nw\/wp-json\/wp\/v2\/categories?post=120563"},{"taxonomy":"post_tag","embeddable":true,"href":"https:\/\/www.prwrestling.com\/nw\/wp-json\/wp\/v2\/tags?post=120563"}],"curies":[{"name":"wp","href":"https:\/\/api.w.org\/{rel}","templated":true}]}}