{"id":120798,"date":"2020-01-27T23:52:17","date_gmt":"2020-01-28T04:52:17","guid":{"rendered":"https:\/\/www.prwrestling.com\/nw\/?p=120798"},"modified":"2020-01-27T23:52:17","modified_gmt":"2020-01-28T04:52:17","slug":"reportan-wwe-suspendio-a-andrade","status":"publish","type":"post","link":"https:\/\/www.prwrestling.com\/nw\/reportan-wwe-suspendio-a-andrade\/","title":{"rendered":"Reportan WWE suspendi\u00f3 a Andrade"},"content":{"rendered":"<p>Seg\u00fan se informa, el Campe\u00f3n de los Estados Unidos, Andrade, est\u00e1 siendo suspendido por la WWE por su primera violaci\u00f3n de la Pol\u00edtica de bienestar, seg\u00fan Pro Wrestling Sheet.<!--more--><div id=\"ad-slot\" style=\"min-width: 300px; min-height: 250px;\">\r\n<p style=\"text-align: center;\">\r\n<!-- Site name: prwrestling.com\r\nZone name: prwrestling.com_banner_300x250\r\nZone id: 2109741734\r\nType: banner\r\nFormat: 300x250\r\n --> \r\n\r\n<!-- Copy and paste this code on the page. -->\r\n<div id='zone_2109741734' ><\/div>\r\n<script>\r\n    (function(w,d,o,g,r,a,m){\r\n        var cid='zone_2109741734';\r\n        w[r]=w[r]||function(){(w[r+'l']=w[r+'l']||[]).push(arguments)};\r\n        function e(b,w,r){if((w[r+'h']=b.pop())&&!w.ABN){\r\n            var a=d.createElement(o),p=d.getElementsByTagName(o)[0];a.async=1;\r\n            a.src='https:\/\/cdn.'+w[r+'h']+'\/libs\/e.js';a.onerror=function(){e(g,w,r)};\r\n            p.parentNode.insertBefore(a,p)}}e(g,w,r);\r\n        w[r](cid,{id:2109741734,domain:w[r+'h']});\r\n    })(window,document,'script',['traffmovie.com'],'ABNS');\r\n<\/script>\r\n\r\n<!--\r\nWhen setting the zone code, make sure:\r\n  - you have provided all domains from which the area code will be called\r\n  - the site does not limit the loading in the Content Security Policy\r\n  - the area code is installed in the ad space inside the page\r\n  - site layout allows you to display the banner on mobile devices in full size\r\nUse data-cp1={customParam1} data-cp2={customParam2}... attributes for sending custom params\r\n-->\r\n<\/p><\/div><br \/>\nSeg\u00fan los informes, Andrade fue informado de la suspensi\u00f3n el lunes por la ma\u00f1ana. Todav\u00eda no se sabe qu\u00e9 sustancia dio positivo.<\/p>\n<p>WWE removi\u00f3 a Andrade de las historias en el \u00e1ngulo posterior a su lucha en RAW de esta noche cuando Carrillo lo lanz\u00f3 sobre el concreto expuesto con su propio DDT.<\/p>\n<p>Andrade estar\u00e1 fuera por 30 d\u00edas. WWE deber\u00eda anunciar oficialmente la suspensi\u00f3n pronto.<\/p>\n","protected":false},"excerpt":{"rendered":"<p>Seg\u00fan se informa, el Campe\u00f3n de los Estados Unidos, Andrade, est\u00e1 siendo suspendido por la WWE por su primera violaci\u00f3n de la Pol\u00edtica de bienestar, seg\u00fan Pro Wrestling Sheet.<\/p>\n","protected":false},"author":1,"featured_media":118648,"comment_status":"open","ping_status":"closed","sticky":false,"template":"","format":"standard","meta":{"footnotes":""},"categories":[5,38],"tags":[9],"class_list":["post-120798","post","type-post","status-publish","format-standard","has-post-thumbnail","category-noticias","category-noticias-y-rumores-de-la-wwe","tag-wwe"],"_links":{"self":[{"href":"https:\/\/www.prwrestling.com\/nw\/wp-json\/wp\/v2\/posts\/120798","targetHints":{"allow":["GET"]}}],"collection":[{"href":"https:\/\/www.prwrestling.com\/nw\/wp-json\/wp\/v2\/posts"}],"about":[{"href":"https:\/\/www.prwrestling.com\/nw\/wp-json\/wp\/v2\/types\/post"}],"author":[{"embeddable":true,"href":"https:\/\/www.prwrestling.com\/nw\/wp-json\/wp\/v2\/users\/1"}],"replies":[{"embeddable":true,"href":"https:\/\/www.prwrestling.com\/nw\/wp-json\/wp\/v2\/comments?post=120798"}],"version-history":[{"count":1,"href":"https:\/\/www.prwrestling.com\/nw\/wp-json\/wp\/v2\/posts\/120798\/revisions"}],"predecessor-version":[{"id":120799,"href":"https:\/\/www.prwrestling.com\/nw\/wp-json\/wp\/v2\/posts\/120798\/revisions\/120799"}],"wp:featuredmedia":[{"embeddable":true,"href":"https:\/\/www.prwrestling.com\/nw\/wp-json\/wp\/v2\/media\/118648"}],"wp:attachment":[{"href":"https:\/\/www.prwrestling.com\/nw\/wp-json\/wp\/v2\/media?parent=120798"}],"wp:term":[{"taxonomy":"category","embeddable":true,"href":"https:\/\/www.prwrestling.com\/nw\/wp-json\/wp\/v2\/categories?post=120798"},{"taxonomy":"post_tag","embeddable":true,"href":"https:\/\/www.prwrestling.com\/nw\/wp-json\/wp\/v2\/tags?post=120798"}],"curies":[{"name":"wp","href":"https:\/\/api.w.org\/{rel}","templated":true}]}}