{"id":12087,"date":"2017-03-15T21:40:53","date_gmt":"2017-03-16T01:40:53","guid":{"rendered":"http:\/\/prwrestling.com\/nw\/?p=12087"},"modified":"2017-03-15T21:40:53","modified_gmt":"2017-03-16T01:40:53","slug":"ex-comentaristas-de-wwe-critican-ausencia-de-ranallo","status":"publish","type":"post","link":"https:\/\/www.prwrestling.com\/nw\/ex-comentaristas-de-wwe-critican-ausencia-de-ranallo\/","title":{"rendered":"EX COMENTARISTAS DE WWE CRITICAN AUSENCIA DE RANALLO"},"content":{"rendered":"<p style=\"text-align: center;\"><a href=\"http:\/\/prwrestling.com\/nw\/wp-content\/uploads\/2017\/03\/Mauro_Ranallo_bio-cf41d17b53399a9228ec159c9d8b20e0.jpg\" target=\"_blank\" rel=\"noopener\"><img data-dominant-color=\"5e3c44\" data-has-transparency=\"false\" style=\"--dominant-color: #5e3c44;\" loading=\"lazy\" decoding=\"async\" class=\"wp-image-12088 aligncenter not-transparent\" alt=\"Mauro_Ranallo_bio--cf41d17b53399a9228ec159c9d8b20e0\" src=\"http:\/\/prwrestling.com\/nw\/wp-content\/uploads\/2017\/03\/Mauro_Ranallo_bio-cf41d17b53399a9228ec159c9d8b20e0.jpg\" width=\"486\" height=\"274\" srcset=\"https:\/\/www.prwrestling.com\/nw\/wp-content\/uploads\/2017\/03\/Mauro_Ranallo_bio-cf41d17b53399a9228ec159c9d8b20e0.jpg 900w, https:\/\/www.prwrestling.com\/nw\/wp-content\/uploads\/2017\/03\/Mauro_Ranallo_bio-cf41d17b53399a9228ec159c9d8b20e0-300x169.jpg 300w, https:\/\/www.prwrestling.com\/nw\/wp-content\/uploads\/2017\/03\/Mauro_Ranallo_bio-cf41d17b53399a9228ec159c9d8b20e0-768x432.jpg 768w, https:\/\/www.prwrestling.com\/nw\/wp-content\/uploads\/2017\/03\/Mauro_Ranallo_bio-cf41d17b53399a9228ec159c9d8b20e0-150x84.jpg 150w, https:\/\/www.prwrestling.com\/nw\/wp-content\/uploads\/2017\/03\/Mauro_Ranallo_bio-cf41d17b53399a9228ec159c9d8b20e0-450x253.jpg 450w\" sizes=\"auto, (max-width: 486px) 100vw, 486px\" \/><\/a><\/p>\n<p>Como muchos habr\u00e1n notado en SmackDown la noche anterior, Mauro Ranallo estaba desaparecido de la mesa de comentarista, debido a la tormenta que subi\u00f3 por el noreste. <!--more-->Temprano ayer, Ranallo mismo insinu\u00f3 que la tormenta podr\u00eda impedirle aparecer en el programa a trav\u00e9s de su Twitter.<\/p>\n<p>Una vez que se hizo p\u00fablico por qu\u00e9 Mauro no estaba en el programa, los ex anunciadores de la WWE, Josh Mathews y Taz expresaron sus opiniones sobre por qu\u00e9 los narradores y comentaristas no pueden faltar a los espect\u00e1culos.<\/p>\n<p style=\"text-align: center;\">Contin\u00faa abajo<br \/>\n<script type=\"text\/javascript\" src=\"\/\/pagead2.googlesyndication.com\/pagead\/js\/adsbygoogle.js\" async=\"\"><\/script><!-- 300x250 en medio de portajes (manual placement) --> <ins class=\"adsbygoogle\" style=\"display: inline-block; width: 300px; height: 250px;\" data-ad-client=\"ca-pub-1244235910658811\" data-ad-slot=\"8592682546\"><\/ins><script type=\"text\/javascript\">\/\/ <![CDATA[\n(adsbygoogle = window.adsbygoogle || []).push({});\n\/\/ ]]><\/script><\/p>\n<p>\u201cCon @OfficialTAZ en el auto, una vez nos tom\u00f3 llegar dos d\u00edas a Indian\u00e1polis para hacer un show GRABADO de Smackdown de Nueva York. #S\u00f3lo digo&#8217;,\u201d expres\u00f3 Josh Mathews?.<\/p>\n<p>Taz tambi\u00e9n luego habl\u00f3 en su programa de radio sobre la importancia de no faltar y fue mas directo en su cr\u00edtica hacia Ranallo:<\/p>\n<p>&#8220;Uno no se puede perder un show. Cuando se pierde un show &#8211; en ning\u00fan orden de preferencia &#8211; el vestuario se molesta, el jefe se molesta. No es un trabajo regular, est\u00e1s all\u00ed una vez a la semana, y est\u00e1s ganando mucho dinero con una plataforma masiva. Tienes que estar ah\u00ed. No importa lo que pase. Mauro es de Canad\u00e1, est\u00e1 bien, por lo que es bien versado cuando se trata de tiempo y la nieve. La gente sab\u00eda que la tormenta iba a llegar por d\u00edas,\u201d dijo Taz.<\/p>\n<p style=\"text-align: center;\"><strong>Opina abajo!<\/strong><br \/>\n<script type=\"text\/javascript\" src=\"\/\/pagead2.googlesyndication.com\/pagead\/js\/adsbygoogle.js\" async=\"\"><\/script><!-- 300x250, abajo de reportaje --> <ins class=\"adsbygoogle\" style=\"display: inline-block; width: 300px; height: 250px;\" data-ad-client=\"ca-pub-1244235910658811\" data-ad-slot=\"2438031264\"><\/ins><script type=\"text\/javascript\">\/\/ <![CDATA[\n(adsbygoogle = window.adsbygoogle || []).push({});\n\/\/ ]]><\/script><\/p>\n","protected":false},"excerpt":{"rendered":"<p>Como muchos habr\u00e1n notado en SmackDown la noche anterior, Mauro Ranallo estaba desaparecido de la mesa de comentarista, debido a la tormenta que subi\u00f3 por el noreste.<\/p>\n","protected":false},"author":3,"featured_media":12088,"comment_status":"closed","ping_status":"closed","sticky":false,"template":"","format":"standard","meta":{"footnotes":""},"categories":[5],"tags":[],"class_list":{"0":"post-12087","1":"post","2":"type-post","3":"status-publish","4":"format-standard","5":"has-post-thumbnail","7":"category-noticias"},"_links":{"self":[{"href":"https:\/\/www.prwrestling.com\/nw\/wp-json\/wp\/v2\/posts\/12087","targetHints":{"allow":["GET"]}}],"collection":[{"href":"https:\/\/www.prwrestling.com\/nw\/wp-json\/wp\/v2\/posts"}],"about":[{"href":"https:\/\/www.prwrestling.com\/nw\/wp-json\/wp\/v2\/types\/post"}],"author":[{"embeddable":true,"href":"https:\/\/www.prwrestling.com\/nw\/wp-json\/wp\/v2\/users\/3"}],"replies":[{"embeddable":true,"href":"https:\/\/www.prwrestling.com\/nw\/wp-json\/wp\/v2\/comments?post=12087"}],"version-history":[{"count":1,"href":"https:\/\/www.prwrestling.com\/nw\/wp-json\/wp\/v2\/posts\/12087\/revisions"}],"predecessor-version":[{"id":12089,"href":"https:\/\/www.prwrestling.com\/nw\/wp-json\/wp\/v2\/posts\/12087\/revisions\/12089"}],"wp:featuredmedia":[{"embeddable":true,"href":"https:\/\/www.prwrestling.com\/nw\/wp-json\/wp\/v2\/media\/12088"}],"wp:attachment":[{"href":"https:\/\/www.prwrestling.com\/nw\/wp-json\/wp\/v2\/media?parent=12087"}],"wp:term":[{"taxonomy":"category","embeddable":true,"href":"https:\/\/www.prwrestling.com\/nw\/wp-json\/wp\/v2\/categories?post=12087"},{"taxonomy":"post_tag","embeddable":true,"href":"https:\/\/www.prwrestling.com\/nw\/wp-json\/wp\/v2\/tags?post=12087"}],"curies":[{"name":"wp","href":"https:\/\/api.w.org\/{rel}","templated":true}]}}