{"id":120916,"date":"2020-02-03T11:38:48","date_gmt":"2020-02-03T16:38:48","guid":{"rendered":"https:\/\/www.prwrestling.com\/nw\/?p=120916"},"modified":"2020-02-03T11:41:59","modified_gmt":"2020-02-03T16:41:59","slug":"mvp-busca-moverse-a-un-rol-tras-bastidores","status":"publish","type":"post","link":"https:\/\/www.prwrestling.com\/nw\/mvp-busca-moverse-a-un-rol-tras-bastidores\/","title":{"rendered":"MVP busca moverse a un rol tras bastidores"},"content":{"rendered":"<p>MVP habl\u00f3 recientemente con After The Bell, sobre su regreso en el\u00a0Royal Rumble y su inter\u00e9s en convertirse en productor de WWE.<!--more--><div id=\"ad-slot\" style=\"min-width: 300px; min-height: 250px;\">\r\n<p style=\"text-align: center;\">\r\n<script async src=\"https:\/\/pagead2.googlesyndication.com\/pagead\/js\/adsbygoogle.js\"><\/script>\r\n<!-- 300x250 sc a -->\r\n<ins class=\"adsbygoogle\"\r\n     style=\"display:inline-block;width:300px;height:250px\"\r\n     data-ad-client=\"ca-pub-1244235910658811\"\r\n     data-ad-slot=\"8592682546\"><\/ins>\r\n<script>\r\n     (adsbygoogle = window.adsbygoogle || []).push({});\r\n<\/script><\/center>\r\n<\/p><\/div><br \/>\n&#8220;Sabes, estoy en ese punto de mi carrera, tengo 46 a\u00f1os. Y siempre he dicho que mis intenciones eran retirarme alrededor de los 45. Todav\u00eda puedo luchar, todav\u00eda estoy en buena forma. Todav\u00eda lucho casi todos los fines de semana. Pero s\u00e9 que es as\u00ed: el tiempo corre. Entonces se acerca la jubilaci\u00f3n. Y despu\u00e9s de un fin de semana tan emocionante e incre\u00edble en WWE, todav\u00eda siento que tengo mucho que ofrecer &#8220;.<\/p>\n<p>&#8220;Sin embargo, estoy en un punto de mi carrera en el que creo que estoy listo para comenzar a ofrecer mi talento detr\u00e1s de escena o en otra capacidad&#8221;.<\/p>\n<p>\u201cEntonces, en un futuro muy cercano, MUY cerca del futuro, me veo colgando las botas y pasando de competidor en el ring a productor detr\u00e1s backstage, por as\u00ed decirlo. Esto es lo que estoy viendo,&#8221; dijo.<\/p>\n","protected":false},"excerpt":{"rendered":"<p>MVP habl\u00f3 recientemente con After The Bell, sobre su regreso en el\u00a0Royal Rumble y su inter\u00e9s en convertirse en productor de WWE.<\/p>\n","protected":false},"author":1,"featured_media":698,"comment_status":"open","ping_status":"closed","sticky":false,"template":"","format":"standard","meta":{"footnotes":""},"categories":[5,38],"tags":[],"class_list":{"0":"post-120916","1":"post","2":"type-post","3":"status-publish","4":"format-standard","5":"has-post-thumbnail","7":"category-noticias","8":"category-noticias-y-rumores-de-la-wwe"},"_links":{"self":[{"href":"https:\/\/www.prwrestling.com\/nw\/wp-json\/wp\/v2\/posts\/120916","targetHints":{"allow":["GET"]}}],"collection":[{"href":"https:\/\/www.prwrestling.com\/nw\/wp-json\/wp\/v2\/posts"}],"about":[{"href":"https:\/\/www.prwrestling.com\/nw\/wp-json\/wp\/v2\/types\/post"}],"author":[{"embeddable":true,"href":"https:\/\/www.prwrestling.com\/nw\/wp-json\/wp\/v2\/users\/1"}],"replies":[{"embeddable":true,"href":"https:\/\/www.prwrestling.com\/nw\/wp-json\/wp\/v2\/comments?post=120916"}],"version-history":[{"count":2,"href":"https:\/\/www.prwrestling.com\/nw\/wp-json\/wp\/v2\/posts\/120916\/revisions"}],"predecessor-version":[{"id":120919,"href":"https:\/\/www.prwrestling.com\/nw\/wp-json\/wp\/v2\/posts\/120916\/revisions\/120919"}],"wp:featuredmedia":[{"embeddable":true,"href":"https:\/\/www.prwrestling.com\/nw\/wp-json\/wp\/v2\/media\/698"}],"wp:attachment":[{"href":"https:\/\/www.prwrestling.com\/nw\/wp-json\/wp\/v2\/media?parent=120916"}],"wp:term":[{"taxonomy":"category","embeddable":true,"href":"https:\/\/www.prwrestling.com\/nw\/wp-json\/wp\/v2\/categories?post=120916"},{"taxonomy":"post_tag","embeddable":true,"href":"https:\/\/www.prwrestling.com\/nw\/wp-json\/wp\/v2\/tags?post=120916"}],"curies":[{"name":"wp","href":"https:\/\/api.w.org\/{rel}","templated":true}]}}