{"id":120995,"date":"2020-02-06T13:10:16","date_gmt":"2020-02-06T18:10:16","guid":{"rendered":"https:\/\/www.prwrestling.com\/nw\/?p=120995"},"modified":"2020-02-06T13:15:37","modified_gmt":"2020-02-06T18:15:37","slug":"vince-comenta-sobre-el-impacto-de-aew-en-la-wwe","status":"publish","type":"post","link":"https:\/\/www.prwrestling.com\/nw\/vince-comenta-sobre-el-impacto-de-aew-en-la-wwe\/","title":{"rendered":"Vince comenta sobre el impacto de AEW en la WWE"},"content":{"rendered":"<p>Al presidente y CEO de WWE, Vince McMahon, se le pregunt\u00f3 qu\u00e9 piensa de AEW ahora que han estado compitiendo con WWE los mi\u00e9rcoles por la noche durante la llamada de ganancias de la WWE Q4 y el a\u00f1o 2019.<!--more--><div id=\"ad-slot\" style=\"min-width: 300px; min-height: 250px;\">\r\n<p style=\"text-align: center;\">\r\n<script async src=\"https:\/\/pagead2.googlesyndication.com\/pagead\/js\/adsbygoogle.js\"><\/script>\r\n<!-- 300x250 sc a -->\r\n<ins class=\"adsbygoogle\"\r\n     style=\"display:inline-block;width:300px;height:250px\"\r\n     data-ad-client=\"ca-pub-1244235910658811\"\r\n     data-ad-slot=\"8592682546\"><\/ins>\r\n<script>\r\n     (adsbygoogle = window.adsbygoogle || []).push({});\r\n<\/script><\/center>\r\n<\/p><\/div><\/p>\n<p>Vince primero dijo que AEW no ha cambiado el negocio o el contenido de WWE.<\/p>\n<p>&#8220;AEW no ha cambiado el contenido en lo absoluto&#8221;, declar\u00f3 Vince. &#8220;Porque se trata de nuestros personajes, las historias y las resoluciones. Por lo tanto, realmente no ha cambiado nuestro punto de vista en t\u00e9rminos de lo que presentamos. No necesitamos m\u00e1s contenido vanguardista, como t\u00fa lo llamas. PG, nosotros somos de los pocos programas que realmente son PG &#8220;.<\/p>\n<p>Vince sin embargo declar\u00f3 que la marca NXT compite con AEW los mi\u00e9rcoles por la noche.<\/p>\n<p>&#8220;En cuanto a NXT, estamos compitiendo&#8221;, dijo Vince. &#8220;NXT compite el mi\u00e9rcoles por la noche con AEW y lo est\u00e1 haciendo extremadamente bien. Estamos seguros de que NXT continuar\u00e1 con su \u00e9xito&#8221;.<\/p>\n","protected":false},"excerpt":{"rendered":"<p>Al presidente y CEO de WWE, Vince McMahon, se le pregunt\u00f3 qu\u00e9 piensa de AEW ahora que han estado compitiendo con WWE los mi\u00e9rcoles por la noche durante la llamada de ganancias de la WWE Q4 y el a\u00f1o 2019.<\/p>\n","protected":false},"author":1,"featured_media":114466,"comment_status":"open","ping_status":"closed","sticky":false,"template":"","format":"standard","meta":{"footnotes":""},"categories":[5,38],"tags":[1359,9],"class_list":{"0":"post-120995","1":"post","2":"type-post","3":"status-publish","4":"format-standard","5":"has-post-thumbnail","7":"category-noticias","8":"category-noticias-y-rumores-de-la-wwe","9":"tag-vince-mcmahon","10":"tag-wwe"},"_links":{"self":[{"href":"https:\/\/www.prwrestling.com\/nw\/wp-json\/wp\/v2\/posts\/120995","targetHints":{"allow":["GET"]}}],"collection":[{"href":"https:\/\/www.prwrestling.com\/nw\/wp-json\/wp\/v2\/posts"}],"about":[{"href":"https:\/\/www.prwrestling.com\/nw\/wp-json\/wp\/v2\/types\/post"}],"author":[{"embeddable":true,"href":"https:\/\/www.prwrestling.com\/nw\/wp-json\/wp\/v2\/users\/1"}],"replies":[{"embeddable":true,"href":"https:\/\/www.prwrestling.com\/nw\/wp-json\/wp\/v2\/comments?post=120995"}],"version-history":[{"count":2,"href":"https:\/\/www.prwrestling.com\/nw\/wp-json\/wp\/v2\/posts\/120995\/revisions"}],"predecessor-version":[{"id":120998,"href":"https:\/\/www.prwrestling.com\/nw\/wp-json\/wp\/v2\/posts\/120995\/revisions\/120998"}],"wp:featuredmedia":[{"embeddable":true,"href":"https:\/\/www.prwrestling.com\/nw\/wp-json\/wp\/v2\/media\/114466"}],"wp:attachment":[{"href":"https:\/\/www.prwrestling.com\/nw\/wp-json\/wp\/v2\/media?parent=120995"}],"wp:term":[{"taxonomy":"category","embeddable":true,"href":"https:\/\/www.prwrestling.com\/nw\/wp-json\/wp\/v2\/categories?post=120995"},{"taxonomy":"post_tag","embeddable":true,"href":"https:\/\/www.prwrestling.com\/nw\/wp-json\/wp\/v2\/tags?post=120995"}],"curies":[{"name":"wp","href":"https:\/\/api.w.org\/{rel}","templated":true}]}}