{"id":121094,"date":"2020-02-09T12:41:27","date_gmt":"2020-02-09T17:41:27","guid":{"rendered":"https:\/\/www.prwrestling.com\/nw\/?p=121094"},"modified":"2023-01-03T09:46:53","modified_gmt":"2023-01-03T14:46:53","slug":"pr-posponen-encuentro-peter-john-vs-chicano-en-wwc","status":"publish","type":"post","link":"https:\/\/www.prwrestling.com\/nw\/pr-posponen-encuentro-peter-john-vs-chicano-en-wwc\/","title":{"rendered":"PR: Posponen encuentro Peter John vs Chicano en WWC"},"content":{"rendered":"<p>Hoy al comienzo de Superestrellas WWC, Gilbert junto a Peter John Ramos anunciaron que el encuentro del baloncelista en luhca de Reglas Extremas ante Chicano, pautado para el pr\u00f3ximo s\u00e1bado en Manat\u00ed, ya no va.<!--more--><div id=\"ad-slot\" style=\"min-width: 300px; min-height: 250px;\">\r\n<p style=\"text-align: center;\">\r\n<script async src=\"https:\/\/pagead2.googlesyndication.com\/pagead\/js\/adsbygoogle.js\"><\/script>\r\n<!-- 300x250 sc a -->\r\n<ins class=\"adsbygoogle\"\r\n     style=\"display:inline-block;width:300px;height:250px\"\r\n     data-ad-client=\"ca-pub-1244235910658811\"\r\n     data-ad-slot=\"8592682546\"><\/ins>\r\n<script>\r\n     (adsbygoogle = window.adsbygoogle || []).push({});\r\n<\/script><\/center>\r\n<\/p><\/div><br \/>\nGilbert dijo que el contrato de Peter John lo deja luchar donde quiera, y no lo va a hacer en pueblitos peque\u00f1os. Dijeron que la lucha eventualmente se va a dar, pero lo quieren hacer en un lugar m\u00e1s grande y la bola est\u00e1 en la cancha de Chicano para aceptar.<\/p>\n<p>Gilbert mencion\u00f3 que en su lugar, se estar\u00e1 celebrando una edici\u00f3n especial de \u201cLa Opinion de Gilbert\u201d con Chicano de invitado en Manat\u00ed. Chicano adem\u00e1s estar\u00e1 en acci\u00f3n esa noche, pero ahora se medir\u00e1 al Gran Armando.<\/p>\n<p>WWC el s\u00e1bado 2\/15 en Manato contar\u00e1 con Orlando Colon defendiendo el campeonato Universal en lucha de mesas ante Gilbert, y El Le\u00f3n Apolo chocando ante Eddie Col\u00f3n, entre otros encuentros. <\/p>\n<h2><strong>Bellito fuera de acci\u00f3n<\/strong><\/h2>\n<p>Ray Gonz\u00e1lez anunci\u00f3 adem\u00e1s en la edici\u00f3n del s\u00e1bado que Bellito Calder\u00f3n est\u00e1 lesionado, por lo que tampoco estar\u00e1 viendo acci\u00f3n el s\u00e1bado en donde estaba pautado a medirse a Mighty Ursus por el campeonato de PR.<\/p>\n","protected":false},"excerpt":{"rendered":"<p>Hoy al comienzo de Superestrellas WWC, Gilbert junto a Peter John Ramos anunciaron que el encuentro del baloncelista en luhca de Reglas Extremas ante Chicano, pautado para el pr\u00f3ximo s\u00e1bado en Manat\u00ed, ya no va.<\/p>\n","protected":false},"author":1,"featured_media":121097,"comment_status":"open","ping_status":"closed","sticky":false,"template":"","format":"standard","meta":{"footnotes":""},"categories":[7409,5],"tags":[34],"class_list":{"0":"post-121094","1":"post","2":"type-post","3":"status-publish","4":"format-standard","5":"has-post-thumbnail","7":"category-lucha-libre-de-puerto-rico","8":"category-noticias","9":"tag-wwc"},"_links":{"self":[{"href":"https:\/\/www.prwrestling.com\/nw\/wp-json\/wp\/v2\/posts\/121094","targetHints":{"allow":["GET"]}}],"collection":[{"href":"https:\/\/www.prwrestling.com\/nw\/wp-json\/wp\/v2\/posts"}],"about":[{"href":"https:\/\/www.prwrestling.com\/nw\/wp-json\/wp\/v2\/types\/post"}],"author":[{"embeddable":true,"href":"https:\/\/www.prwrestling.com\/nw\/wp-json\/wp\/v2\/users\/1"}],"replies":[{"embeddable":true,"href":"https:\/\/www.prwrestling.com\/nw\/wp-json\/wp\/v2\/comments?post=121094"}],"version-history":[{"count":6,"href":"https:\/\/www.prwrestling.com\/nw\/wp-json\/wp\/v2\/posts\/121094\/revisions"}],"predecessor-version":[{"id":121102,"href":"https:\/\/www.prwrestling.com\/nw\/wp-json\/wp\/v2\/posts\/121094\/revisions\/121102"}],"wp:featuredmedia":[{"embeddable":true,"href":"https:\/\/www.prwrestling.com\/nw\/wp-json\/wp\/v2\/media\/121097"}],"wp:attachment":[{"href":"https:\/\/www.prwrestling.com\/nw\/wp-json\/wp\/v2\/media?parent=121094"}],"wp:term":[{"taxonomy":"category","embeddable":true,"href":"https:\/\/www.prwrestling.com\/nw\/wp-json\/wp\/v2\/categories?post=121094"},{"taxonomy":"post_tag","embeddable":true,"href":"https:\/\/www.prwrestling.com\/nw\/wp-json\/wp\/v2\/tags?post=121094"}],"curies":[{"name":"wp","href":"https:\/\/api.w.org\/{rel}","templated":true}]}}