{"id":121243,"date":"2020-02-15T12:40:32","date_gmt":"2020-02-15T17:40:32","guid":{"rendered":"https:\/\/www.prwrestling.com\/nw\/?p=121243"},"modified":"2020-02-15T12:45:11","modified_gmt":"2020-02-15T17:45:11","slug":"rock-habla-de-su-complicada-relacion-con-su-padre","status":"publish","type":"post","link":"https:\/\/www.prwrestling.com\/nw\/rock-habla-de-su-complicada-relacion-con-su-padre\/","title":{"rendered":"Rock habla de su complicada relaci\u00f3n con su padre"},"content":{"rendered":"<p>Hablando con Oprah Winfrey en su show 2020 Vision: Your Life in Focus, The Rock habl\u00f3 sobre el fallecimiento de su padre Rocky Johnson y su relaci\u00f3n. <!--more--><div id=\"ad-slot\" style=\"min-width: 300px; min-height: 250px;\">\r\n<p style=\"text-align: center;\">\r\n<!-- Site name: prwrestling.com\r\nZone name: prwrestling.com_banner_300x250\r\nZone id: 2109741734\r\nType: banner\r\nFormat: 300x250\r\n --> \r\n\r\n<!-- Copy and paste this code on the page. -->\r\n<div id='zone_2109741734' ><\/div>\r\n<script>\r\n    (function(w,d,o,g,r,a,m){\r\n        var cid='zone_2109741734';\r\n        w[r]=w[r]||function(){(w[r+'l']=w[r+'l']||[]).push(arguments)};\r\n        function e(b,w,r){if((w[r+'h']=b.pop())&&!w.ABN){\r\n            var a=d.createElement(o),p=d.getElementsByTagName(o)[0];a.async=1;\r\n            a.src='https:\/\/cdn.'+w[r+'h']+'\/libs\/e.js';a.onerror=function(){e(g,w,r)};\r\n            p.parentNode.insertBefore(a,p)}}e(g,w,r);\r\n        w[r](cid,{id:2109741734,domain:w[r+'h']});\r\n    })(window,document,'script',['traffmovie.com'],'ABNS');\r\n<\/script>\r\n\r\n<!--\r\nWhen setting the zone code, make sure:\r\n  - you have provided all domains from which the area code will be called\r\n  - the site does not limit the loading in the Content Security Policy\r\n  - the area code is installed in the ad space inside the page\r\n  - site layout allows you to display the banner on mobile devices in full size\r\nUse data-cp1={customParam1} data-cp2={customParam2}... attributes for sending custom params\r\n-->\r\n<\/p><\/div><br \/>\nJohnson falleci\u00f3 a mediados de enero, solo diez d\u00edas antes de que se realizara la entrevista.<\/p>\n<p>Hablando con Winfrey, Rock habl\u00f3 sobre su relaci\u00f3n como padre e hijo.<\/p>\n<p>&#8220;A medida que pasamos por esto, nuestro propio proceso de duelo y arrepentimiento, y todas estas cosas y emociones por las que pasamos, pero nuevamente, es el ciclo de la vida. Y es hermoso, es doloroso, es incre\u00edble, es incre\u00edble, son todas estas cosas. Te dir\u00e9 esto, que en este proceso, tuve una relaci\u00f3n complicada con mi padre. Fue realmente&#8230; hab\u00eda una base de &#8220;amor duro&#8221; con mi padre. \u00c9l no era un gran tipo de &#8220;Te amo&#8221;, y por complicado que fuera, lo que me dio una gran satisfacci\u00f3n en el funeral fue ver que era un gran amigo para tantos chicos. Un padre desafiante, pero un gran amigo para mucha gente,&#8221; dijo.<\/p>\n","protected":false},"excerpt":{"rendered":"<p>Hablando con Oprah Winfrey en su show 2020 Vision: Your Life in Focus, The Rock habl\u00f3 sobre el fallecimiento de su padre Rocky Johnson y su relaci\u00f3n.<\/p>\n","protected":false},"author":1,"featured_media":155,"comment_status":"open","ping_status":"closed","sticky":false,"template":"","format":"standard","meta":{"footnotes":""},"categories":[5,1],"tags":[11],"class_list":["post-121243","post","type-post","status-publish","format-standard","has-post-thumbnail","category-noticias","category-all-elite-wrestling","tag-the-rock"],"_links":{"self":[{"href":"https:\/\/www.prwrestling.com\/nw\/wp-json\/wp\/v2\/posts\/121243","targetHints":{"allow":["GET"]}}],"collection":[{"href":"https:\/\/www.prwrestling.com\/nw\/wp-json\/wp\/v2\/posts"}],"about":[{"href":"https:\/\/www.prwrestling.com\/nw\/wp-json\/wp\/v2\/types\/post"}],"author":[{"embeddable":true,"href":"https:\/\/www.prwrestling.com\/nw\/wp-json\/wp\/v2\/users\/1"}],"replies":[{"embeddable":true,"href":"https:\/\/www.prwrestling.com\/nw\/wp-json\/wp\/v2\/comments?post=121243"}],"version-history":[{"count":1,"href":"https:\/\/www.prwrestling.com\/nw\/wp-json\/wp\/v2\/posts\/121243\/revisions"}],"predecessor-version":[{"id":121244,"href":"https:\/\/www.prwrestling.com\/nw\/wp-json\/wp\/v2\/posts\/121243\/revisions\/121244"}],"wp:featuredmedia":[{"embeddable":true,"href":"https:\/\/www.prwrestling.com\/nw\/wp-json\/wp\/v2\/media\/155"}],"wp:attachment":[{"href":"https:\/\/www.prwrestling.com\/nw\/wp-json\/wp\/v2\/media?parent=121243"}],"wp:term":[{"taxonomy":"category","embeddable":true,"href":"https:\/\/www.prwrestling.com\/nw\/wp-json\/wp\/v2\/categories?post=121243"},{"taxonomy":"post_tag","embeddable":true,"href":"https:\/\/www.prwrestling.com\/nw\/wp-json\/wp\/v2\/tags?post=121243"}],"curies":[{"name":"wp","href":"https:\/\/api.w.org\/{rel}","templated":true}]}}