{"id":121339,"date":"2020-02-18T20:13:55","date_gmt":"2020-02-19T01:13:55","guid":{"rendered":"https:\/\/www.prwrestling.com\/nw\/?p=121339"},"modified":"2020-02-18T20:13:55","modified_gmt":"2020-02-19T01:13:55","slug":"reportan-nuevo-posible-nombre-para-el-salon-de-la-fama","status":"publish","type":"post","link":"https:\/\/www.prwrestling.com\/nw\/reportan-nuevo-posible-nombre-para-el-salon-de-la-fama\/","title":{"rendered":"Reportan nuevo posible nombre para el Sal\u00f3n de la Fama"},"content":{"rendered":"<p>El Sal\u00f3n de la Fama de la WWE tendr\u00e1 lugar el jueves antes de WrestleMania. <!--more-->Batista y la nWo est\u00e1n programados para ingresar al Sal\u00f3n de la Fama de la WWE, ya anunciados por la empresa.<div id=\"ad-slot\" style=\"min-width: 300px; min-height: 250px;\">\r\n<p style=\"text-align: center;\">\r\n<!-- Site name: prwrestling.com\r\nZone name: prwrestling.com_banner_300x250\r\nZone id: 2109741734\r\nType: banner\r\nFormat: 300x250\r\n --> \r\n\r\n<!-- Copy and paste this code on the page. -->\r\n<div id='zone_2109741734' ><\/div>\r\n<script>\r\n    (function(w,d,o,g,r,a,m){\r\n        var cid='zone_2109741734';\r\n        w[r]=w[r]||function(){(w[r+'l']=w[r+'l']||[]).push(arguments)};\r\n        function e(b,w,r){if((w[r+'h']=b.pop())&&!w.ABN){\r\n            var a=d.createElement(o),p=d.getElementsByTagName(o)[0];a.async=1;\r\n            a.src='https:\/\/cdn.'+w[r+'h']+'\/libs\/e.js';a.onerror=function(){e(g,w,r)};\r\n            p.parentNode.insertBefore(a,p)}}e(g,w,r);\r\n        w[r](cid,{id:2109741734,domain:w[r+'h']});\r\n    })(window,document,'script',['traffmovie.com'],'ABNS');\r\n<\/script>\r\n\r\n<!--\r\nWhen setting the zone code, make sure:\r\n  - you have provided all domains from which the area code will be called\r\n  - the site does not limit the loading in the Content Security Policy\r\n  - the area code is installed in the ad space inside the page\r\n  - site layout allows you to display the banner on mobile devices in full size\r\nUse data-cp1={customParam1} data-cp2={customParam2}... attributes for sending custom params\r\n-->\r\n<\/p><\/div><br \/>\nPor otro lado, luego de semanas de rumores, Las Bella Twins y Jushin &#8220;Thunder&#8221; Liger tambi\u00e9n fueron confirmados para las inducciones del Sal\u00f3n de la Fama de la WWE la semana pasada. <\/p>\n<p>En adici\u00f3n, esta semana Brad Sheppard inform\u00f3 que &#8220;El British Bulldog&#8221; Davey Boy Smith tambi\u00e9n recibir\u00e1 su esperada inducci\u00f3n. Esto fue confirmado hoy por el Wrestling Observer.<\/p>\n<p>Ahora Wrestling Inc informa que JBL (John Bradshaw Layfield) tambi\u00e9n est\u00e1 programado para una inducci\u00f3n al Sal\u00f3n de la Fama este a\u00f1o. Hasta el momento no se sabe cu\u00e1ndo se har\u00e1 el anuncio oficial de la entrada del ex campe\u00f3n de la WWE.<\/p>\n","protected":false},"excerpt":{"rendered":"<p>El Sal\u00f3n de la Fama de la WWE tendr\u00e1 lugar el jueves antes de WrestleMania.<\/p>\n","protected":false},"author":1,"featured_media":111261,"comment_status":"open","ping_status":"closed","sticky":false,"template":"","format":"standard","meta":{"footnotes":""},"categories":[5,38],"tags":[1590],"class_list":["post-121339","post","type-post","status-publish","format-standard","has-post-thumbnail","category-noticias","category-noticias-y-rumores-de-la-wwe","tag-jbl"],"_links":{"self":[{"href":"https:\/\/www.prwrestling.com\/nw\/wp-json\/wp\/v2\/posts\/121339","targetHints":{"allow":["GET"]}}],"collection":[{"href":"https:\/\/www.prwrestling.com\/nw\/wp-json\/wp\/v2\/posts"}],"about":[{"href":"https:\/\/www.prwrestling.com\/nw\/wp-json\/wp\/v2\/types\/post"}],"author":[{"embeddable":true,"href":"https:\/\/www.prwrestling.com\/nw\/wp-json\/wp\/v2\/users\/1"}],"replies":[{"embeddable":true,"href":"https:\/\/www.prwrestling.com\/nw\/wp-json\/wp\/v2\/comments?post=121339"}],"version-history":[{"count":1,"href":"https:\/\/www.prwrestling.com\/nw\/wp-json\/wp\/v2\/posts\/121339\/revisions"}],"predecessor-version":[{"id":121340,"href":"https:\/\/www.prwrestling.com\/nw\/wp-json\/wp\/v2\/posts\/121339\/revisions\/121340"}],"wp:featuredmedia":[{"embeddable":true,"href":"https:\/\/www.prwrestling.com\/nw\/wp-json\/wp\/v2\/media\/111261"}],"wp:attachment":[{"href":"https:\/\/www.prwrestling.com\/nw\/wp-json\/wp\/v2\/media?parent=121339"}],"wp:term":[{"taxonomy":"category","embeddable":true,"href":"https:\/\/www.prwrestling.com\/nw\/wp-json\/wp\/v2\/categories?post=121339"},{"taxonomy":"post_tag","embeddable":true,"href":"https:\/\/www.prwrestling.com\/nw\/wp-json\/wp\/v2\/tags?post=121339"}],"curies":[{"name":"wp","href":"https:\/\/api.w.org\/{rel}","templated":true}]}}