{"id":121375,"date":"2020-02-20T12:35:51","date_gmt":"2020-02-20T17:35:51","guid":{"rendered":"https:\/\/www.prwrestling.com\/nw\/?p=121375"},"modified":"2020-02-20T12:39:56","modified_gmt":"2020-02-20T17:39:56","slug":"samoa-joe-lesionado-de-nuevo-2","status":"publish","type":"post","link":"https:\/\/www.prwrestling.com\/nw\/samoa-joe-lesionado-de-nuevo-2\/","title":{"rendered":"Samoa Joe lesionado de nuevo"},"content":{"rendered":"<p>Seg\u00fan se informa, Samoa Joe sufri\u00f3 una lesi\u00f3n mientras filmaba un comercial de WWE la semana pasada, reporta Pro Wrestling Sheet.<!--more--><br \/>\n La lesi\u00f3n se produjo cuando Joe se golpe\u00f3 la cabeza durante una ca\u00edda sobre una mesa.<div id=\"ad-slot\" style=\"min-width: 300px; min-height: 250px;\">\r\n<p style=\"text-align: center;\">\r\n<!-- Site name: prwrestling.com\r\nZone name: prwrestling.com_banner_300x250\r\nZone id: 2109741734\r\nType: banner\r\nFormat: 300x250\r\n --> \r\n\r\n<!-- Copy and paste this code on the page. -->\r\n<div id='zone_2109741734' ><\/div>\r\n<script>\r\n    (function(w,d,o,g,r,a,m){\r\n        var cid='zone_2109741734';\r\n        w[r]=w[r]||function(){(w[r+'l']=w[r+'l']||[]).push(arguments)};\r\n        function e(b,w,r){if((w[r+'h']=b.pop())&&!w.ABN){\r\n            var a=d.createElement(o),p=d.getElementsByTagName(o)[0];a.async=1;\r\n            a.src='https:\/\/cdn.'+w[r+'h']+'\/libs\/e.js';a.onerror=function(){e(g,w,r)};\r\n            p.parentNode.insertBefore(a,p)}}e(g,w,r);\r\n        w[r](cid,{id:2109741734,domain:w[r+'h']});\r\n    })(window,document,'script',['traffmovie.com'],'ABNS');\r\n<\/script>\r\n\r\n<!--\r\nWhen setting the zone code, make sure:\r\n  - you have provided all domains from which the area code will be called\r\n  - the site does not limit the loading in the Content Security Policy\r\n  - the area code is installed in the ad space inside the page\r\n  - site layout allows you to display the banner on mobile devices in full size\r\nUse data-cp1={customParam1} data-cp2={customParam2}... attributes for sending custom params\r\n-->\r\n<\/p><\/div><br \/>\nTodav\u00eda no se sabe cu\u00e1ndo Joe estar\u00e1 m\u00e9dicamente autorizado para regresar al ring, o los detalles de la lesi\u00f3n, pero se mencion\u00f3 que podr\u00eda estar fuera de acci\u00f3n por un per\u00edodo considerable de tiempo.<\/p>\n<p>Joe recientemente regres\u00f3 a la acci\u00f3n despu\u00e9s de sufrir una fractura en el pulgar a fines de 2019. Luego sufri\u00f3 una conmoci\u00f3n cerebral que lo sac\u00f3 brevemente del ring. Joe luch\u00f3 en RAW de la semana pasada.<\/p>\n","protected":false},"excerpt":{"rendered":"<p>Seg\u00fan se informa, Samoa Joe sufri\u00f3 una lesi\u00f3n mientras filmaba un comercial de WWE la semana pasada, reporta Pro Wrestling Sheet.<\/p>\n","protected":false},"author":1,"featured_media":121379,"comment_status":"open","ping_status":"closed","sticky":false,"template":"","format":"standard","meta":{"footnotes":""},"categories":[5,38],"tags":[9],"class_list":["post-121375","post","type-post","status-publish","format-standard","has-post-thumbnail","category-noticias","category-noticias-y-rumores-de-la-wwe","tag-wwe"],"_links":{"self":[{"href":"https:\/\/www.prwrestling.com\/nw\/wp-json\/wp\/v2\/posts\/121375","targetHints":{"allow":["GET"]}}],"collection":[{"href":"https:\/\/www.prwrestling.com\/nw\/wp-json\/wp\/v2\/posts"}],"about":[{"href":"https:\/\/www.prwrestling.com\/nw\/wp-json\/wp\/v2\/types\/post"}],"author":[{"embeddable":true,"href":"https:\/\/www.prwrestling.com\/nw\/wp-json\/wp\/v2\/users\/1"}],"replies":[{"embeddable":true,"href":"https:\/\/www.prwrestling.com\/nw\/wp-json\/wp\/v2\/comments?post=121375"}],"version-history":[{"count":1,"href":"https:\/\/www.prwrestling.com\/nw\/wp-json\/wp\/v2\/posts\/121375\/revisions"}],"predecessor-version":[{"id":121376,"href":"https:\/\/www.prwrestling.com\/nw\/wp-json\/wp\/v2\/posts\/121375\/revisions\/121376"}],"wp:featuredmedia":[{"embeddable":true,"href":"https:\/\/www.prwrestling.com\/nw\/wp-json\/wp\/v2\/media\/121379"}],"wp:attachment":[{"href":"https:\/\/www.prwrestling.com\/nw\/wp-json\/wp\/v2\/media?parent=121375"}],"wp:term":[{"taxonomy":"category","embeddable":true,"href":"https:\/\/www.prwrestling.com\/nw\/wp-json\/wp\/v2\/categories?post=121375"},{"taxonomy":"post_tag","embeddable":true,"href":"https:\/\/www.prwrestling.com\/nw\/wp-json\/wp\/v2\/tags?post=121375"}],"curies":[{"name":"wp","href":"https:\/\/api.w.org\/{rel}","templated":true}]}}