{"id":121486,"date":"2020-02-24T09:48:09","date_gmt":"2020-02-24T14:48:09","guid":{"rendered":"https:\/\/www.prwrestling.com\/nw\/?p=121486"},"modified":"2020-02-24T10:09:23","modified_gmt":"2020-02-24T15:09:23","slug":"rvd-sobre-su-reinado-en-wwe-lo-jdi","status":"publish","type":"post","link":"https:\/\/www.prwrestling.com\/nw\/rvd-sobre-su-reinado-en-wwe-lo-jdi\/","title":{"rendered":"RVD sobre su reinado en WWE: &#8220;lo j#d\u00ed&#8221;"},"content":{"rendered":"<p>RVD fue el Campe\u00f3n de ECW y el Campe\u00f3n de WWE a la misma vez en el 2006.<!--more--> Luego fue detenido por exceso de velocidad en Ohio, y result\u00f3 que ten\u00eda 18 gramos de marihuana.<div id=\"ad-slot\" style=\"min-width: 300px; min-height: 250px;\">\r\n<p style=\"text-align: center;\">\r\n<script async src=\"https:\/\/pagead2.googlesyndication.com\/pagead\/js\/adsbygoogle.js\"><\/script>\r\n<!-- 300x250 sc a -->\r\n<ins class=\"adsbygoogle\"\r\n     style=\"display:inline-block;width:300px;height:250px\"\r\n     data-ad-client=\"ca-pub-1244235910658811\"\r\n     data-ad-slot=\"8592682546\"><\/ins>\r\n<script>\r\n     (adsbygoogle = window.adsbygoogle || []).push({});\r\n<\/script><\/center>\r\n<\/p><\/div><br \/>\nRVD viajaba con Sabu en ese momento y fue arrestado por marihuana y poco tiempo despu\u00e9s, WWE hizo que Rob Van Dam perdiera sus dos t\u00edtulos.<\/p>\n<p>Mientras hablaba con The Steve Austin Show, RVD record\u00f3 esa \u00e9poca y admite plenamente en este punto que \u00e9l la &#8220;j#di\u00f3&#8221;. <\/p>\n<p>\u201cDeber\u00eda haber frenado esa noche pasando por Ohio con 18 gramos de hierba en mi bolsillo. Estaba acelerando, amigo. Era tan descuidado en aquel entonces. Como, he crecido tanto desde entonces, que cuando pienso en cuando trabaj\u00e9 con [WWE], creo que es una perspectiva que ten\u00eda cuando era ni\u00f1o. Siento que tuve que pasar por alguna emoci\u00f3n de la vida real antes de que cambiara toda mi perspectiva. Sol\u00eda \u200b\u200bser tan descuidado que ni siquiera sab\u00eda que hab\u00eda l\u00edmites de velocidad &#8220;.<\/p>\n<p>&#8220;Para todos los que dicen cu\u00e1nto no me empujaron y cu\u00e1n malo fue eso para mi carrera, en primer lugar, les di muchas oportunidades de no ponerme en la delantera y un mont\u00f3n de advertencias de que lo jo#!r\u00eda&#8221;. . Y luego, cuando finalmente obtuve el campeonato, lo j#d\u00ed \u201d. Van Dam reconoci\u00f3: &#8220;Lo j#d\u00ed&#8221;.<\/p>\n","protected":false},"excerpt":{"rendered":"<p>RVD fue el Campe\u00f3n de ECW y el Campe\u00f3n de WWE a la misma vez en el 2006.<\/p>\n","protected":false},"author":1,"featured_media":121489,"comment_status":"open","ping_status":"closed","sticky":false,"template":"","format":"standard","meta":{"footnotes":""},"categories":[5,38],"tags":[3533],"class_list":{"0":"post-121486","1":"post","2":"type-post","3":"status-publish","4":"format-standard","5":"has-post-thumbnail","7":"category-noticias","8":"category-noticias-y-rumores-de-la-wwe","9":"tag-rob-van-dam"},"_links":{"self":[{"href":"https:\/\/www.prwrestling.com\/nw\/wp-json\/wp\/v2\/posts\/121486","targetHints":{"allow":["GET"]}}],"collection":[{"href":"https:\/\/www.prwrestling.com\/nw\/wp-json\/wp\/v2\/posts"}],"about":[{"href":"https:\/\/www.prwrestling.com\/nw\/wp-json\/wp\/v2\/types\/post"}],"author":[{"embeddable":true,"href":"https:\/\/www.prwrestling.com\/nw\/wp-json\/wp\/v2\/users\/1"}],"replies":[{"embeddable":true,"href":"https:\/\/www.prwrestling.com\/nw\/wp-json\/wp\/v2\/comments?post=121486"}],"version-history":[{"count":1,"href":"https:\/\/www.prwrestling.com\/nw\/wp-json\/wp\/v2\/posts\/121486\/revisions"}],"predecessor-version":[{"id":121487,"href":"https:\/\/www.prwrestling.com\/nw\/wp-json\/wp\/v2\/posts\/121486\/revisions\/121487"}],"wp:featuredmedia":[{"embeddable":true,"href":"https:\/\/www.prwrestling.com\/nw\/wp-json\/wp\/v2\/media\/121489"}],"wp:attachment":[{"href":"https:\/\/www.prwrestling.com\/nw\/wp-json\/wp\/v2\/media?parent=121486"}],"wp:term":[{"taxonomy":"category","embeddable":true,"href":"https:\/\/www.prwrestling.com\/nw\/wp-json\/wp\/v2\/categories?post=121486"},{"taxonomy":"post_tag","embeddable":true,"href":"https:\/\/www.prwrestling.com\/nw\/wp-json\/wp\/v2\/tags?post=121486"}],"curies":[{"name":"wp","href":"https:\/\/api.w.org\/{rel}","templated":true}]}}