{"id":121697,"date":"2020-03-01T17:28:18","date_gmt":"2020-03-01T22:28:18","guid":{"rendered":"https:\/\/www.prwrestling.com\/nw\/?p=121697"},"modified":"2020-10-19T17:16:14","modified_gmt":"2020-10-19T21:16:14","slug":"angle-revela-su-lucha-final-iba-a-ser-ante-jordan-en-vez-de-corbin","status":"publish","type":"post","link":"https:\/\/www.prwrestling.com\/nw\/angle-revela-su-lucha-final-iba-a-ser-ante-jordan-en-vez-de-corbin\/","title":{"rendered":"Angle revela su lucha final iba a ser ante Jordan en vez de Corbin"},"content":{"rendered":"<p>Kurt Angle estuvo en el podcast de Table Talk con D&#8217;Von y Mo y habl\u00f3 del \u00e1ngulo con su &#8220;hijo&#8221; Jason Jordan y lo que esperaba que sucediera entre ambos.<!--more--><div id=\"ad-slot\" style=\"min-width: 300px; min-height: 250px;\">\r\n<p style=\"text-align: center;\">\r\n<script async src=\"https:\/\/pagead2.googlesyndication.com\/pagead\/js\/adsbygoogle.js\"><\/script>\r\n<!-- 300x250 sc a -->\r\n<ins class=\"adsbygoogle\"\r\n     style=\"display:inline-block;width:300px;height:250px\"\r\n     data-ad-client=\"ca-pub-1244235910658811\"\r\n     data-ad-slot=\"8592682546\"><\/ins>\r\n<script>\r\n     (adsbygoogle = window.adsbygoogle || []).push({});\r\n<\/script><\/center>\r\n<\/p><\/div><br \/>\n&#8220;Ten\u00edan planes para que yo luchara con Jason, pero s\u00f3lo una vez&#8221;, dijo Angle.<\/p>\n<p>Cuando se le pregunt\u00f3 c\u00f3mo cre\u00eda que la historia se habr\u00eda desarrollado de no ser por la lesi\u00f3n de Jordan, Angle pens\u00f3 que el objetivo final habr\u00eda sido un largo avance hacia su eventual lucha final contra Jordan.<\/p>\n<p>&#8220;Lo que creo es que Jason probablemente continuar\u00eda siendo mi hijo, iba a comenzar a ser un fastidio para m\u00ed, probablemente lo habr\u00eda contratado como mi asistente de gerente general, habr\u00eda comenzado a hacer decisiones para m\u00ed y habr\u00eda causado mucha animosidad y luego \u00e9l y yo habr\u00edamos luchado en WrestleMania en lugar de Baron Corbin. Obviamente eligieron a Baron. No importa lo que pienses de \u00e9l, \u00e9l es un gran luchador en el ring, y las habilidades de promos han mejorado mucho, es un gran atleta, un gran atleta y creo que reemplaz\u00f3 a Jason.<\/p>\n<p>&#8220;Lo que viste que sucedi\u00f3 con \u00e9l, creo que se supon\u00eda que iba a ser con Jason. Fue una gran oportunidad para \u00e9l, para Baron, y lo aprovech\u00f3 y corri\u00f3 con \u00e9so&#8221;.<\/p>\n","protected":false},"excerpt":{"rendered":"<p>Kurt Angle estuvo en el podcast de Table Talk con D&#8217;Von y Mo y habl\u00f3 del \u00e1ngulo con su &#8220;hijo&#8221; Jason Jordan y lo que esperaba que sucediera entre ambos.<\/p>\n","protected":false},"author":1,"featured_media":14204,"comment_status":"open","ping_status":"closed","sticky":false,"template":"","format":"standard","meta":{"footnotes":""},"categories":[5,38],"tags":[1660],"class_list":{"0":"post-121697","1":"post","2":"type-post","3":"status-publish","4":"format-standard","5":"has-post-thumbnail","7":"category-noticias","8":"category-noticias-y-rumores-de-la-wwe","9":"tag-kurt-angle"},"_links":{"self":[{"href":"https:\/\/www.prwrestling.com\/nw\/wp-json\/wp\/v2\/posts\/121697","targetHints":{"allow":["GET"]}}],"collection":[{"href":"https:\/\/www.prwrestling.com\/nw\/wp-json\/wp\/v2\/posts"}],"about":[{"href":"https:\/\/www.prwrestling.com\/nw\/wp-json\/wp\/v2\/types\/post"}],"author":[{"embeddable":true,"href":"https:\/\/www.prwrestling.com\/nw\/wp-json\/wp\/v2\/users\/1"}],"replies":[{"embeddable":true,"href":"https:\/\/www.prwrestling.com\/nw\/wp-json\/wp\/v2\/comments?post=121697"}],"version-history":[{"count":1,"href":"https:\/\/www.prwrestling.com\/nw\/wp-json\/wp\/v2\/posts\/121697\/revisions"}],"predecessor-version":[{"id":121698,"href":"https:\/\/www.prwrestling.com\/nw\/wp-json\/wp\/v2\/posts\/121697\/revisions\/121698"}],"wp:featuredmedia":[{"embeddable":true,"href":"https:\/\/www.prwrestling.com\/nw\/wp-json\/wp\/v2\/media\/14204"}],"wp:attachment":[{"href":"https:\/\/www.prwrestling.com\/nw\/wp-json\/wp\/v2\/media?parent=121697"}],"wp:term":[{"taxonomy":"category","embeddable":true,"href":"https:\/\/www.prwrestling.com\/nw\/wp-json\/wp\/v2\/categories?post=121697"},{"taxonomy":"post_tag","embeddable":true,"href":"https:\/\/www.prwrestling.com\/nw\/wp-json\/wp\/v2\/tags?post=121697"}],"curies":[{"name":"wp","href":"https:\/\/api.w.org\/{rel}","templated":true}]}}