{"id":121724,"date":"2020-03-02T17:57:08","date_gmt":"2020-03-02T22:57:08","guid":{"rendered":"https:\/\/www.prwrestling.com\/nw\/?p=121724"},"modified":"2020-03-02T18:13:47","modified_gmt":"2020-03-02T23:13:47","slug":"wwe-se-expresa-sobre-la-salida-de-matt-hardy","status":"publish","type":"post","link":"https:\/\/www.prwrestling.com\/nw\/wwe-se-expresa-sobre-la-salida-de-matt-hardy\/","title":{"rendered":"WWE se expresa sobre la salida de Matt Hardy"},"content":{"rendered":"<p>WWE ha anunciado oficialmente que el contrato de Matt Hardy ha expirado.<!--more--><\/p>\n<p>La empresa emiti\u00f3 un anuncio esta tarde para agradecer a Hardy por su tiempo con la compa\u00f1\u00eda, dese\u00e1ndole lo mejor en sus futuros esfuerzos.<div id=\"ad-slot\" style=\"min-width: 300px; min-height: 250px;\">\r\n<p style=\"text-align: center;\">\r\n<script async src=\"https:\/\/pagead2.googlesyndication.com\/pagead\/js\/adsbygoogle.js\"><\/script>\r\n<!-- 300x250 sc a -->\r\n<ins class=\"adsbygoogle\"\r\n     style=\"display:inline-block;width:300px;height:250px\"\r\n     data-ad-client=\"ca-pub-1244235910658811\"\r\n     data-ad-slot=\"8592682546\"><\/ins>\r\n<script>\r\n     (adsbygoogle = window.adsbygoogle || []).push({});\r\n<\/script><\/center>\r\n<\/p><\/div><br \/>\nContrario a otros anuncios de salidas de talentos en los que la empresa se expresa de manera escueta, en este caso hicieron menci\u00f3n de los logros de Hardy en la empresa y expresaron agradecimiento hacia el luchador.<\/p>\n<p>Hardy, de 45 a\u00f1os, confirm\u00f3 anoche en un video de <a href=\"http:\/\/youtube.com\" target=\"_blank\" rel=\"noopener\">YouTube<\/a> que dej\u00f3 que su contrato de WWE expirara. Ahora es un agente libre.<\/p>\n<p>A continuaci\u00f3n el comunicado completo de WWE sobre la salida de Matt:<\/p>\n<blockquote><p>El contrato de Matt Hardy con WWE ha expirado.<\/p>\n<p>Un pionero a lo largo de sus 19 a\u00f1os de carrera en la WWE, Matt y su hermano Jeff fueron pioneros en las peleas TLC en la WWE, robando el espect\u00e1culo en WrestleMania en varias ocasiones. Matt, quien compiti\u00f3 en su primer combate de la WWE en 1994, captur\u00f3 nueve t\u00edtulos en pareja con Jeff, adem\u00e1s de otros dos reinados con MVP y Bray Wyatt.<\/p>\n<p>Tambi\u00e9n es ex campe\u00f3n de ECW, Estados Unidos, Europa, Peso crucero y Hardcore, y gan\u00f3 la quinta edici\u00f3n anual de Andre the Giant Memorial Battle Royal en WrestleMania 34.<\/p>\n<p>Pero Matt es quiz\u00e1s m\u00e1s venerado por la extra\u00f1a conexi\u00f3n que ha cultivado con el Universo WWE a lo largo de los a\u00f1os, incluso cuando su personaje se ha transformado. Desde un temerario desafiante de la gravedad dispuesto a asumir todos los riesgos para convertirse en una de las personas m\u00e1s exc\u00e9ntricas jam\u00e1s vistas como &#8220;Woken&#8221; Matt Hardy, todas las encarnaciones ten\u00edan una cosa en com\u00fan: la adoraci\u00f3n de los fan\u00e1ticos de la WWE.<\/p>\n<p>WWE agradece a Matt Hardy por sus contribuciones al entretenimiento deportivo y al Universo WWE y le desea lo mejor en sus esfuerzos futuros.<\/p><\/blockquote>\n<p><iframe loading=\"lazy\" src=\"https:\/\/www.youtube.com\/embed\/Y_pVBvzxOQo\" width=\"640\" height=\"360\" frameborder=\"0\" allowfullscreen=\"allowfullscreen\"><\/iframe><\/p>\n","protected":false},"excerpt":{"rendered":"<p>WWE ha anunciado oficialmente que el contrato de Matt Hardy ha expirado.<\/p>\n","protected":false},"author":1,"featured_media":120064,"comment_status":"open","ping_status":"closed","sticky":false,"template":"","format":"standard","meta":{"footnotes":""},"categories":[5,38],"tags":[],"class_list":{"0":"post-121724","1":"post","2":"type-post","3":"status-publish","4":"format-standard","5":"has-post-thumbnail","7":"category-noticias","8":"category-noticias-y-rumores-de-la-wwe"},"_links":{"self":[{"href":"https:\/\/www.prwrestling.com\/nw\/wp-json\/wp\/v2\/posts\/121724","targetHints":{"allow":["GET"]}}],"collection":[{"href":"https:\/\/www.prwrestling.com\/nw\/wp-json\/wp\/v2\/posts"}],"about":[{"href":"https:\/\/www.prwrestling.com\/nw\/wp-json\/wp\/v2\/types\/post"}],"author":[{"embeddable":true,"href":"https:\/\/www.prwrestling.com\/nw\/wp-json\/wp\/v2\/users\/1"}],"replies":[{"embeddable":true,"href":"https:\/\/www.prwrestling.com\/nw\/wp-json\/wp\/v2\/comments?post=121724"}],"version-history":[{"count":3,"href":"https:\/\/www.prwrestling.com\/nw\/wp-json\/wp\/v2\/posts\/121724\/revisions"}],"predecessor-version":[{"id":121733,"href":"https:\/\/www.prwrestling.com\/nw\/wp-json\/wp\/v2\/posts\/121724\/revisions\/121733"}],"wp:featuredmedia":[{"embeddable":true,"href":"https:\/\/www.prwrestling.com\/nw\/wp-json\/wp\/v2\/media\/120064"}],"wp:attachment":[{"href":"https:\/\/www.prwrestling.com\/nw\/wp-json\/wp\/v2\/media?parent=121724"}],"wp:term":[{"taxonomy":"category","embeddable":true,"href":"https:\/\/www.prwrestling.com\/nw\/wp-json\/wp\/v2\/categories?post=121724"},{"taxonomy":"post_tag","embeddable":true,"href":"https:\/\/www.prwrestling.com\/nw\/wp-json\/wp\/v2\/tags?post=121724"}],"curies":[{"name":"wp","href":"https:\/\/api.w.org\/{rel}","templated":true}]}}