{"id":121848,"date":"2020-03-07T07:23:26","date_gmt":"2020-03-07T12:23:26","guid":{"rendered":"https:\/\/www.prwrestling.com\/nw\/?p=121848"},"modified":"2020-03-07T07:24:06","modified_gmt":"2020-03-07T12:24:06","slug":"scott-steiner-llevado-de-emergencia-tras-colapsar-en-grabaciones-impact","status":"publish","type":"post","link":"https:\/\/www.prwrestling.com\/nw\/scott-steiner-llevado-de-emergencia-tras-colapsar-en-grabaciones-impact\/","title":{"rendered":"Scott Steiner llevado de emergencia tras colapsar en grabaciones Impact"},"content":{"rendered":"<p>Scott Steiner fue trasladado de urgencia al hospital luego de las grabaciones de IMPACT Wrestling de anoche en el Teatro Coca-Cola Roxy en Atlanta, Georgia.<!--more--><div id=\"ad-slot\" style=\"min-width: 300px; min-height: 250px;\">\r\n<p style=\"text-align: center;\">\r\n<script async src=\"https:\/\/pagead2.googlesyndication.com\/pagead\/js\/adsbygoogle.js\"><\/script>\r\n<!-- 300x250 sc a -->\r\n<ins class=\"adsbygoogle\"\r\n     style=\"display:inline-block;width:300px;height:250px\"\r\n     data-ad-client=\"ca-pub-1244235910658811\"\r\n     data-ad-slot=\"8592682546\"><\/ins>\r\n<script>\r\n     (adsbygoogle = window.adsbygoogle || []).push({});\r\n<\/script><\/center>\r\n<\/p><\/div><br \/>\nLos informes indican que el ex campe\u00f3n mundial colaps\u00f3 durante unas promociones que se estaban realizando tras bastidores.<\/p>\n<p>El vicepresidente ejecutivo Scott D&#8217;Amore mas adelante emiti\u00f3 una breve declaraci\u00f3n en Twitter indicando que Steiner ahora est\u00e1 bien y su familia est\u00e1 agradecida por el apoyo. Tommy Dreamer tambi\u00e9n proporcion\u00f3 una actualizaci\u00f3n. <\/p>\n<blockquote class=\"twitter-tweet\">\n<p lang=\"en\" dir=\"ltr\">Im at the hospital right now w\/ <a href=\"https:\/\/twitter.com\/ScottDAmore?ref_src=twsrc%5Etfw\" target=\"_blank\" rel=\"noopener\">@ScottDAmore<\/a> <a href=\"https:\/\/twitter.com\/JoeyRyanOnline?ref_src=twsrc%5Etfw\" target=\"_blank\" rel=\"noopener\">@JoeyRyanOnline<\/a> <br \/>Scott Steiner is doing well<br \/>And under great care<br \/>Say a prayer for Big Poppa Pump<br \/>Holla if ya hear me<\/p>\n<p>&mdash; Tommy Dreamer (@THETOMMYDREAMER) <a href=\"https:\/\/twitter.com\/THETOMMYDREAMER\/status\/1236172266410577925?ref_src=twsrc%5Etfw\" target=\"_blank\" rel=\"noopener\">March 7, 2020<\/a><\/p><\/blockquote>\n<p> <script async src=\"https:\/\/platform.twitter.com\/widgets.js\" charset=\"utf-8\"><\/script><\/p>\n","protected":false},"excerpt":{"rendered":"<p>Scott Steiner fue trasladado de urgencia al hospital luego de las grabaciones de IMPACT Wrestling de anoche en el Teatro Coca-Cola Roxy en Atlanta, Georgia.<\/p>\n","protected":false},"author":1,"featured_media":14605,"comment_status":"open","ping_status":"closed","sticky":false,"template":"","format":"standard","meta":{"footnotes":""},"categories":[5],"tags":[],"class_list":{"0":"post-121848","1":"post","2":"type-post","3":"status-publish","4":"format-standard","5":"has-post-thumbnail","7":"category-noticias"},"_links":{"self":[{"href":"https:\/\/www.prwrestling.com\/nw\/wp-json\/wp\/v2\/posts\/121848","targetHints":{"allow":["GET"]}}],"collection":[{"href":"https:\/\/www.prwrestling.com\/nw\/wp-json\/wp\/v2\/posts"}],"about":[{"href":"https:\/\/www.prwrestling.com\/nw\/wp-json\/wp\/v2\/types\/post"}],"author":[{"embeddable":true,"href":"https:\/\/www.prwrestling.com\/nw\/wp-json\/wp\/v2\/users\/1"}],"replies":[{"embeddable":true,"href":"https:\/\/www.prwrestling.com\/nw\/wp-json\/wp\/v2\/comments?post=121848"}],"version-history":[{"count":2,"href":"https:\/\/www.prwrestling.com\/nw\/wp-json\/wp\/v2\/posts\/121848\/revisions"}],"predecessor-version":[{"id":121851,"href":"https:\/\/www.prwrestling.com\/nw\/wp-json\/wp\/v2\/posts\/121848\/revisions\/121851"}],"wp:featuredmedia":[{"embeddable":true,"href":"https:\/\/www.prwrestling.com\/nw\/wp-json\/wp\/v2\/media\/14605"}],"wp:attachment":[{"href":"https:\/\/www.prwrestling.com\/nw\/wp-json\/wp\/v2\/media?parent=121848"}],"wp:term":[{"taxonomy":"category","embeddable":true,"href":"https:\/\/www.prwrestling.com\/nw\/wp-json\/wp\/v2\/categories?post=121848"},{"taxonomy":"post_tag","embeddable":true,"href":"https:\/\/www.prwrestling.com\/nw\/wp-json\/wp\/v2\/tags?post=121848"}],"curies":[{"name":"wp","href":"https:\/\/api.w.org\/{rel}","templated":true}]}}