{"id":121852,"date":"2020-03-07T12:49:40","date_gmt":"2020-03-07T17:49:40","guid":{"rendered":"https:\/\/www.prwrestling.com\/nw\/?p=121852"},"modified":"2020-03-07T12:54:22","modified_gmt":"2020-03-07T17:54:22","slug":"accionistas-demandan-a-wwe-por-negocios-com-arabia-saudita","status":"publish","type":"post","link":"https:\/\/www.prwrestling.com\/nw\/accionistas-demandan-a-wwe-por-negocios-com-arabia-saudita\/","title":{"rendered":"Accionistas demandan a WWE por negocios con Arabia Saudita"},"content":{"rendered":"<p>Business Wire informa que The Robbins Geller Rudman y Dowd LLP han anunciado una demanda colectiva contra la WWE.<!--more--><div id=\"ad-slot\" style=\"min-width: 300px; min-height: 250px;\">\r\n<p style=\"text-align: center;\">\r\n<script async src=\"https:\/\/pagead2.googlesyndication.com\/pagead\/js\/adsbygoogle.js\"><\/script>\r\n<!-- 300x250 sc a -->\r\n<ins class=\"adsbygoogle\"\r\n     style=\"display:inline-block;width:300px;height:250px\"\r\n     data-ad-client=\"ca-pub-1244235910658811\"\r\n     data-ad-slot=\"8592682546\"><\/ins>\r\n<script>\r\n     (adsbygoogle = window.adsbygoogle || []).push({});\r\n<\/script><\/center>\r\n<\/p><\/div><br \/>\nEsto se debe a los lazos de la compa\u00f1\u00eda con Arabia Saudita y otros movimientos en la compa\u00f1\u00eda que han provocado la ca\u00edda de las acciones.<\/p>\n<p>La demanda dice que WWE &#8220;hizo declaraciones falsas y enga\u00f1osas y \/ o no revel\u00f3 informaci\u00f3n sobre los negocios y operaciones de WWE&#8221;.<\/p>\n<p>Tambi\u00e9n dicen que &#8220;el gobierno saud\u00ed y sus afiliados no hab\u00edan podido hacer millones de d\u00f3lares en pagos adeudados a WWE de conformidad con los compromisos contractuales existentes entre las partes&#8221;.<\/p>\n<p>La demanda tambi\u00e9n cit\u00f3 la crisis de viajes de la WWE despu\u00e9s de WWE Crown Jewel y las salidas de los ex copresidentes de la WWE George Barrios y Michelle Wilson.<\/p>\n","protected":false},"excerpt":{"rendered":"<p>Business Wire informa que The Robbins Geller Rudman y Dowd LLP han anunciado una demanda colectiva contra la WWE.<\/p>\n","protected":false},"author":1,"featured_media":8355,"comment_status":"open","ping_status":"closed","sticky":false,"template":"","format":"standard","meta":{"footnotes":""},"categories":[5,38],"tags":[],"class_list":{"0":"post-121852","1":"post","2":"type-post","3":"status-publish","4":"format-standard","5":"has-post-thumbnail","7":"category-noticias","8":"category-noticias-y-rumores-de-la-wwe"},"_links":{"self":[{"href":"https:\/\/www.prwrestling.com\/nw\/wp-json\/wp\/v2\/posts\/121852","targetHints":{"allow":["GET"]}}],"collection":[{"href":"https:\/\/www.prwrestling.com\/nw\/wp-json\/wp\/v2\/posts"}],"about":[{"href":"https:\/\/www.prwrestling.com\/nw\/wp-json\/wp\/v2\/types\/post"}],"author":[{"embeddable":true,"href":"https:\/\/www.prwrestling.com\/nw\/wp-json\/wp\/v2\/users\/1"}],"replies":[{"embeddable":true,"href":"https:\/\/www.prwrestling.com\/nw\/wp-json\/wp\/v2\/comments?post=121852"}],"version-history":[{"count":2,"href":"https:\/\/www.prwrestling.com\/nw\/wp-json\/wp\/v2\/posts\/121852\/revisions"}],"predecessor-version":[{"id":121855,"href":"https:\/\/www.prwrestling.com\/nw\/wp-json\/wp\/v2\/posts\/121852\/revisions\/121855"}],"wp:featuredmedia":[{"embeddable":true,"href":"https:\/\/www.prwrestling.com\/nw\/wp-json\/wp\/v2\/media\/8355"}],"wp:attachment":[{"href":"https:\/\/www.prwrestling.com\/nw\/wp-json\/wp\/v2\/media?parent=121852"}],"wp:term":[{"taxonomy":"category","embeddable":true,"href":"https:\/\/www.prwrestling.com\/nw\/wp-json\/wp\/v2\/categories?post=121852"},{"taxonomy":"post_tag","embeddable":true,"href":"https:\/\/www.prwrestling.com\/nw\/wp-json\/wp\/v2\/tags?post=121852"}],"curies":[{"name":"wp","href":"https:\/\/api.w.org\/{rel}","templated":true}]}}