{"id":12191,"date":"2017-03-25T13:31:44","date_gmt":"2017-03-25T17:31:44","guid":{"rendered":"http:\/\/prwrestling.com\/nw\/?p=12191"},"modified":"2017-03-26T12:01:39","modified_gmt":"2017-03-26T16:01:39","slug":"reporte-dudas-sobre-su-futuro-de-undertaker-despues-de-wm","status":"publish","type":"post","link":"https:\/\/www.prwrestling.com\/nw\/reporte-dudas-sobre-su-futuro-de-undertaker-despues-de-wm\/","title":{"rendered":"REPORTE: DUDAS SOBRE SU FUTURO DE UNDERTAKER DESPUES DE WM"},"content":{"rendered":"<p style=\"text-align: center;\"><a href=\"http:\/\/prwrestling.com\/nw\/wp-content\/uploads\/2016\/11\/undertaker.png\" target=\"_blank\" rel=\"noopener\"><img loading=\"lazy\" decoding=\"async\" class=\" wp-image-10855 aligncenter\" alt=\"undertaker\" src=\"http:\/\/prwrestling.com\/nw\/wp-content\/uploads\/2016\/11\/undertaker.png\" width=\"560\" height=\"336\" srcset=\"https:\/\/www.prwrestling.com\/nw\/wp-content\/uploads\/2016\/11\/undertaker.png 700w, https:\/\/www.prwrestling.com\/nw\/wp-content\/uploads\/2016\/11\/undertaker-300x180.png 300w\" sizes=\"auto, (max-width: 560px) 100vw, 560px\" \/><\/a><\/p>\n<p>Como sabemos una de las luchas que tendr\u00e1n lugar en WrestleMania 33 ser\u00e1 The Undertaker vs Roman Reigns. Ri\u00f1a que fue comenzando a establecerse durante el Royal Rumble cuando Reigns fue eliminado por \u00a0Undertaker. La historia detr\u00e1s del \u00e1ngulo se deriva de Reigns ahora reclamando que la WWE es \u201csu patio\u201d, sin la aprobaci\u00f3n de Undertaker.<!--more--><\/p>\n<p>Competir en el Royal Rumble fue muy doloroso para Undertaker, ya que ha estado enfrentando graves problemas de cadera y desafortunadamente, no parece que est\u00e9 mejorando, seg\u00fan reporta PWInsider.<\/p>\n<p style=\"text-align: center;\">Contin\u00faa abajo<br \/>\n<script type=\"text\/javascript\" src=\"\/\/pagead2.googlesyndication.com\/pagead\/js\/adsbygoogle.js\" async=\"\"><\/script><!-- 300x250 en medio de portajes (manual placement) --> <ins class=\"adsbygoogle\" style=\"display: inline-block; width: 300px; height: 250px;\" data-ad-client=\"ca-pub-1244235910658811\" data-ad-slot=\"8592682546\"><\/ins><script type=\"text\/javascript\">\/\/ <![CDATA[\n(adsbygoogle = window.adsbygoogle || []).push({});\n\/\/ ]]><\/script><\/p>\n<p>Una de las discusiones m\u00e1s importantes tras bastidores durante Raw fue el status de The Undertaker post-WrestleMania, ya que varias personas lo vieron caminando con mucho dolor. De hecho, se inform\u00f3 \u00a0que el mismo luchador no estaba muy contento en el evento debido al nivel de dolor que se encontraba.<\/p>\n<p>Como resultado, internamente se ha estado discutiendo que este a\u00f1o puede ser el WrestleMania final para el hombre muerto.<\/p>\n<p>Celebrando su cumplea\u00f1os #52 este fin de semana, todav\u00eda hay futuras luchas de Undertaker en la mesa con personas como Sting y John Cena. Sin embargo, con su nivel de dolor, los ejecutivos de la WWE est\u00e1n llegando a la conclusi\u00f3n de que este a\u00f1o ser\u00e1 el \u00faltimo, con el fin de que se someta a una cirug\u00eda mayor que muy probable termine su carrera en el ring.<\/p>\n<p style=\"text-align: center;\">Contin\u00faa abajo<br \/>\n<script type=\"text\/javascript\" src=\"\/\/pagead2.googlesyndication.com\/pagead\/js\/adsbygoogle.js\" async=\"\"><\/script><!-- 300x250 en medio de portajes (manual placement) --> <ins class=\"adsbygoogle\" style=\"display: inline-block; width: 300px; height: 250px;\" data-ad-client=\"ca-pub-1244235910658811\" data-ad-slot=\"8592682546\"><\/ins><script type=\"text\/javascript\">\/\/ <![CDATA[\n(adsbygoogle = window.adsbygoogle || []).push({});\n\/\/ ]]><\/script><\/p>\n<p>&#8230; y hablando del cumplea\u00f1os del Enterrador, a continuaci\u00f3n una imagen de este celebrando el pasado viernes junto a su esposa Michelle McCool.<\/p>\n<blockquote class=\"instagram-media\" data-instgrm-captioned data-instgrm-version=\"7\" style=\" background:#FFF; border:0; border-radius:3px; box-shadow:0 0 1px 0 rgba(0,0,0,0.5),0 1px 10px 0 rgba(0,0,0,0.15); margin: 1px; max-width:658px; padding:0; width:99.375%; width:-webkit-calc(100% - 2px); width:calc(100% - 2px);\">\n<div style=\"padding:8px;\">\n<div style=\" background:#F8F8F8; line-height:0; margin-top:40px; padding:50.0% 0; text-align:center; width:100%;\">\n<div style=\" background:url(data:image\/png;base64,iVBORw0KGgoAAAANSUhEUgAAACwAAAAsCAMAAAApWqozAAAABGdBTUEAALGPC\/xhBQAAAAFzUkdCAK7OHOkAAAAMUExURczMzPf399fX1+bm5mzY9AMAAADiSURBVDjLvZXbEsMgCES5\/P8\/t9FuRVCRmU73JWlzosgSIIZURCjo\/ad+EQJJB4Hv8BFt+IDpQoCx1wjOSBFhh2XssxEIYn3ulI\/6MNReE07UIWJEv8UEOWDS88LY97kqyTliJKKtuYBbruAyVh5wOHiXmpi5we58Ek028czwyuQdLKPG1Bkb4NnM+VeAnfHqn1k4+GPT6uGQcvu2h2OVuIf\/gWUFyy8OWEpdyZSa3aVCqpVoVvzZZ2VTnn2wU8qzVjDDetO90GSy9mVLqtgYSy231MxrY6I2gGqjrTY0L8fxCxfCBbhWrsYYAAAAAElFTkSuQmCC); display:block; height:44px; margin:0 auto -44px; position:relative; top:-22px; width:44px;\"><\/div>\n<\/div>\n<p style=\" margin:8px 0 0 0; padding:0 4px;\"> <a href=\"https:\/\/www.instagram.com\/p\/BSCNjjjllnZ\/\" style=\" color:#000; font-family:Arial,sans-serif; font-size:14px; font-style:normal; font-weight:normal; line-height:17px; text-decoration:none; word-wrap:break-word;\" target=\"_blank\" rel=\"noopener\">Happy birthday to my main squeeze! #blessed #LOVE <\/a><\/p>\n<p style=\" color:#c9c8cd; font-family:Arial,sans-serif; font-size:14px; line-height:17px; margin-bottom:0; margin-top:8px; overflow:hidden; padding:8px 0 7px; text-align:center; text-overflow:ellipsis; white-space:nowrap;\">A post shared by Michelle McCool-Calaway (@mimicalacool) on <time style=\" font-family:Arial,sans-serif; font-size:14px; line-height:17px;\" datetime=\"2017-03-24T20:38:16+00:00\">Mar 24, 2017 at 1:38pm PDT<\/time><\/p>\n<\/div>\n<\/blockquote>\n<p><script async defer src=\"\/\/platform.instagram.com\/en_US\/embeds.js\"><\/script><\/p>\n","protected":false},"excerpt":{"rendered":"<p>Como sabemos una de las luchas que tendr\u00e1n lugar en WrestleMania 33 ser\u00e1 The Undertaker vs Roman Reigns. Ri\u00f1a que fue comenzando a establecerse durante el Royal Rumble cuando Reigns fue eliminado por \u00a0Undertaker. La historia detr\u00e1s del \u00e1ngulo se deriva de Reigns ahora reclamando que la WWE es \u201csu patio\u201d, sin la aprobaci\u00f3n de<\/p>\n","protected":false},"author":3,"featured_media":10855,"comment_status":"closed","ping_status":"closed","sticky":false,"template":"","format":"standard","meta":{"footnotes":""},"categories":[5],"tags":[],"class_list":{"0":"post-12191","1":"post","2":"type-post","3":"status-publish","4":"format-standard","5":"has-post-thumbnail","7":"category-noticias"},"_links":{"self":[{"href":"https:\/\/www.prwrestling.com\/nw\/wp-json\/wp\/v2\/posts\/12191","targetHints":{"allow":["GET"]}}],"collection":[{"href":"https:\/\/www.prwrestling.com\/nw\/wp-json\/wp\/v2\/posts"}],"about":[{"href":"https:\/\/www.prwrestling.com\/nw\/wp-json\/wp\/v2\/types\/post"}],"author":[{"embeddable":true,"href":"https:\/\/www.prwrestling.com\/nw\/wp-json\/wp\/v2\/users\/3"}],"replies":[{"embeddable":true,"href":"https:\/\/www.prwrestling.com\/nw\/wp-json\/wp\/v2\/comments?post=12191"}],"version-history":[{"count":8,"href":"https:\/\/www.prwrestling.com\/nw\/wp-json\/wp\/v2\/posts\/12191\/revisions"}],"predecessor-version":[{"id":12214,"href":"https:\/\/www.prwrestling.com\/nw\/wp-json\/wp\/v2\/posts\/12191\/revisions\/12214"}],"wp:featuredmedia":[{"embeddable":true,"href":"https:\/\/www.prwrestling.com\/nw\/wp-json\/wp\/v2\/media\/10855"}],"wp:attachment":[{"href":"https:\/\/www.prwrestling.com\/nw\/wp-json\/wp\/v2\/media?parent=12191"}],"wp:term":[{"taxonomy":"category","embeddable":true,"href":"https:\/\/www.prwrestling.com\/nw\/wp-json\/wp\/v2\/categories?post=12191"},{"taxonomy":"post_tag","embeddable":true,"href":"https:\/\/www.prwrestling.com\/nw\/wp-json\/wp\/v2\/tags?post=12191"}],"curies":[{"name":"wp","href":"https:\/\/api.w.org\/{rel}","templated":true}]}}