{"id":121949,"date":"2020-03-10T16:29:08","date_gmt":"2020-03-10T20:29:08","guid":{"rendered":"https:\/\/www.prwrestling.com\/nw\/?p=121949"},"modified":"2020-03-10T16:35:24","modified_gmt":"2020-03-10T20:35:24","slug":"posible-lesion-en-la-estelar-de-raw","status":"publish","type":"post","link":"https:\/\/www.prwrestling.com\/nw\/posible-lesion-en-la-estelar-de-raw\/","title":{"rendered":"Posible lesi\u00f3n en la estelar de Raw"},"content":{"rendered":"<p>Bryan Alvarez se\u00f1al\u00f3 en Wrestling Observer Live que Akam sufri\u00f3 una lesi\u00f3n durante el evento estelar de Raw esta semana.<!--more--><div id=\"ad-slot\" style=\"min-width: 300px; min-height: 250px;\">\r\n<p style=\"text-align: center;\">\r\n<script async src=\"https:\/\/pagead2.googlesyndication.com\/pagead\/js\/adsbygoogle.js\"><\/script>\r\n<!-- 300x250 sc a -->\r\n<ins class=\"adsbygoogle\"\r\n     style=\"display:inline-block;width:300px;height:250px\"\r\n     data-ad-client=\"ca-pub-1244235910658811\"\r\n     data-ad-slot=\"8592682546\"><\/ins>\r\n<script>\r\n     (adsbygoogle = window.adsbygoogle || []).push({});\r\n<\/script><\/center>\r\n<\/p><\/div><br \/>\nEn este momento se cree que es una lesi\u00f3n en uno de los b\u00edceps.<\/p>\n<p>\u201cSe cree que Rezar sufri\u00f3 un desgarre de b\u00edceps. Todav\u00eda est\u00e1 siendo evaluado, pero ni siquiera vi d\u00f3nde sucedi\u00f3 anoche, pero en los \u00faltimos cinco minutos del encuentro, este tipo ni siquiera podia mover su brazo y est\u00e1 haciendo maniobras, est\u00e1 atrapando luchadores. El tipo m\u00e1s fuerte que he visto en mi vida,&#8221; dijo.<\/p>\n","protected":false},"excerpt":{"rendered":"<p>Bryan Alvarez se\u00f1al\u00f3 en Wrestling Observer Live que Akam sufri\u00f3 una lesi\u00f3n durante el evento estelar de Raw esta semana.<\/p>\n","protected":false},"author":1,"featured_media":119369,"comment_status":"open","ping_status":"closed","sticky":false,"template":"","format":"standard","meta":{"footnotes":""},"categories":[5,38],"tags":[],"class_list":{"0":"post-121949","1":"post","2":"type-post","3":"status-publish","4":"format-standard","5":"has-post-thumbnail","7":"category-noticias","8":"category-noticias-y-rumores-de-la-wwe"},"_links":{"self":[{"href":"https:\/\/www.prwrestling.com\/nw\/wp-json\/wp\/v2\/posts\/121949","targetHints":{"allow":["GET"]}}],"collection":[{"href":"https:\/\/www.prwrestling.com\/nw\/wp-json\/wp\/v2\/posts"}],"about":[{"href":"https:\/\/www.prwrestling.com\/nw\/wp-json\/wp\/v2\/types\/post"}],"author":[{"embeddable":true,"href":"https:\/\/www.prwrestling.com\/nw\/wp-json\/wp\/v2\/users\/1"}],"replies":[{"embeddable":true,"href":"https:\/\/www.prwrestling.com\/nw\/wp-json\/wp\/v2\/comments?post=121949"}],"version-history":[{"count":3,"href":"https:\/\/www.prwrestling.com\/nw\/wp-json\/wp\/v2\/posts\/121949\/revisions"}],"predecessor-version":[{"id":121953,"href":"https:\/\/www.prwrestling.com\/nw\/wp-json\/wp\/v2\/posts\/121949\/revisions\/121953"}],"wp:featuredmedia":[{"embeddable":true,"href":"https:\/\/www.prwrestling.com\/nw\/wp-json\/wp\/v2\/media\/119369"}],"wp:attachment":[{"href":"https:\/\/www.prwrestling.com\/nw\/wp-json\/wp\/v2\/media?parent=121949"}],"wp:term":[{"taxonomy":"category","embeddable":true,"href":"https:\/\/www.prwrestling.com\/nw\/wp-json\/wp\/v2\/categories?post=121949"},{"taxonomy":"post_tag","embeddable":true,"href":"https:\/\/www.prwrestling.com\/nw\/wp-json\/wp\/v2\/tags?post=121949"}],"curies":[{"name":"wp","href":"https:\/\/api.w.org\/{rel}","templated":true}]}}