{"id":121988,"date":"2020-03-11T20:57:12","date_gmt":"2020-03-12T00:57:12","guid":{"rendered":"https:\/\/www.prwrestling.com\/nw\/?p=121988"},"modified":"2020-03-11T21:02:00","modified_gmt":"2020-03-12T01:02:00","slug":"bret-hart-dice-su-rina-con-owens-a-bryan-y-punk","status":"publish","type":"post","link":"https:\/\/www.prwrestling.com\/nw\/bret-hart-dice-su-rina-con-owens-a-bryan-y-punk\/","title":{"rendered":"Bret Hart dice su ri\u00f1a con Owens allan\u00f3 el camino para Bryan, Punk y otros"},"content":{"rendered":"<p>Durante una entrevista con Sports Illustrated, Bret Hart habl\u00f3 sobre como luchar ante SU hermano allan\u00f3 el camino para luchadores m\u00e1s peque\u00f1os en la WWE.<!--more--><div id=\"ad-slot\" style=\"min-width: 300px; min-height: 250px;\">\r\n<p style=\"text-align: center;\">\r\n<script async src=\"https:\/\/pagead2.googlesyndication.com\/pagead\/js\/adsbygoogle.js\"><\/script>\r\n<!-- 300x250 sc a -->\r\n<ins class=\"adsbygoogle\"\r\n     style=\"display:inline-block;width:300px;height:250px\"\r\n     data-ad-client=\"ca-pub-1244235910658811\"\r\n     data-ad-slot=\"8592682546\"><\/ins>\r\n<script>\r\n     (adsbygoogle = window.adsbygoogle || []).push({});\r\n<\/script><\/center>\r\n<\/p><\/div><br \/>\n\u201cCreo que sin duda abri\u00f3 la puerta a muchachos, como Punk y Daniel Bryan, que hicieron una gran lucha despu\u00e9s de mi era. Para nuestro tiempo, Owen y yo fuimos una gran lucha. Lo m\u00e1s dif\u00edcil del enfrentamiento con Owen que la gente pasa por alto es que nunca antes hab\u00edamos luchado entre nosotros. Cuando nunca antes has bailado con alguien, no sabes lo que vas a conseguir. Para ser nuestro primer encuentro, ese fue uno muy bueno,\u201d dijo.<\/p>\n<p>Hart dijo que a pesar de que han pasado muchos a\u00f1os, recuerda mucho sobre la lucha.<\/p>\n<p>\u201cTen\u00eda la toalla y todo eso. El tiempo de cada persona era muy importante para la luchas. Estaban Davey Boy, mi mam\u00e1, mi pap\u00e1, Owen, Bob Backlund, yo mismo. Muchas piezas movi\u00e9ndose. Eso es lo que me encanta de esa lucha mientras la miras. Esa fue una historia complicada para contar, pero fue suave como la mantequilla, la primera vez que lo hicimos, la \u00faltima vez que lo hicimos, un gran momento,\u201d dijo.<\/p>\n","protected":false},"excerpt":{"rendered":"<p>Durante una entrevista con Sports Illustrated, Bret Hart habl\u00f3 sobre como luchar ante SU hermano allan\u00f3 el camino para luchadores m\u00e1s peque\u00f1os en la WWE.<\/p>\n","protected":false},"author":3,"featured_media":121989,"comment_status":"open","ping_status":"closed","sticky":false,"template":"","format":"standard","meta":{"footnotes":""},"categories":[5,38],"tags":[1424,9],"class_list":{"0":"post-121988","1":"post","2":"type-post","3":"status-publish","4":"format-standard","5":"has-post-thumbnail","7":"category-noticias","8":"category-noticias-y-rumores-de-la-wwe","9":"tag-bret-hart","10":"tag-wwe"},"_links":{"self":[{"href":"https:\/\/www.prwrestling.com\/nw\/wp-json\/wp\/v2\/posts\/121988","targetHints":{"allow":["GET"]}}],"collection":[{"href":"https:\/\/www.prwrestling.com\/nw\/wp-json\/wp\/v2\/posts"}],"about":[{"href":"https:\/\/www.prwrestling.com\/nw\/wp-json\/wp\/v2\/types\/post"}],"author":[{"embeddable":true,"href":"https:\/\/www.prwrestling.com\/nw\/wp-json\/wp\/v2\/users\/3"}],"replies":[{"embeddable":true,"href":"https:\/\/www.prwrestling.com\/nw\/wp-json\/wp\/v2\/comments?post=121988"}],"version-history":[{"count":3,"href":"https:\/\/www.prwrestling.com\/nw\/wp-json\/wp\/v2\/posts\/121988\/revisions"}],"predecessor-version":[{"id":121994,"href":"https:\/\/www.prwrestling.com\/nw\/wp-json\/wp\/v2\/posts\/121988\/revisions\/121994"}],"wp:featuredmedia":[{"embeddable":true,"href":"https:\/\/www.prwrestling.com\/nw\/wp-json\/wp\/v2\/media\/121989"}],"wp:attachment":[{"href":"https:\/\/www.prwrestling.com\/nw\/wp-json\/wp\/v2\/media?parent=121988"}],"wp:term":[{"taxonomy":"category","embeddable":true,"href":"https:\/\/www.prwrestling.com\/nw\/wp-json\/wp\/v2\/categories?post=121988"},{"taxonomy":"post_tag","embeddable":true,"href":"https:\/\/www.prwrestling.com\/nw\/wp-json\/wp\/v2\/tags?post=121988"}],"curies":[{"name":"wp","href":"https:\/\/api.w.org\/{rel}","templated":true}]}}