{"id":122015,"date":"2020-03-12T09:16:57","date_gmt":"2020-03-12T13:16:57","guid":{"rendered":"https:\/\/www.prwrestling.com\/nw\/?p=122015"},"modified":"2020-03-12T09:20:15","modified_gmt":"2020-03-12T13:20:15","slug":"akam-de-aop-no-podra-luchar-por-meses-tras-lesion","status":"publish","type":"post","link":"https:\/\/www.prwrestling.com\/nw\/akam-de-aop-no-podra-luchar-por-meses-tras-lesion\/","title":{"rendered":"Rezar de AOP no podr\u00e1 luchar por meses tras lesi\u00f3n"},"content":{"rendered":"<p>WWE RAW termin\u00f3 esta semana con una lesi\u00f3n que tuvo lugar durante el evento estelar de la noche. <!--more-->Rezar se lesion\u00f3 mientras atrapaba a Rollins de un crossbody y despu\u00e9s no pudo usar mucho su brazo.<div id=\"ad-slot\" style=\"min-width: 300px; min-height: 250px;\">\r\n<p style=\"text-align: center;\">\r\n<script async src=\"https:\/\/pagead2.googlesyndication.com\/pagead\/js\/adsbygoogle.js\"><\/script>\r\n<!-- 300x250 sc a -->\r\n<ins class=\"adsbygoogle\"\r\n     style=\"display:inline-block;width:300px;height:250px\"\r\n     data-ad-client=\"ca-pub-1244235910658811\"\r\n     data-ad-slot=\"8592682546\"><\/ins>\r\n<script>\r\n     (adsbygoogle = window.adsbygoogle || []).push({});\r\n<\/script><\/center>\r\n<\/p><\/div><br \/>\nEl miembro de AOP se lesion\u00f3 el b\u00edcep y durante Wrestling Observer Radio, Dave Meltzer discuti\u00f3 las opciones de WWE en este momento.<\/p>\n<p>&#8220;No lo veo en la televisi\u00f3n por un tiempo, esa es una decisi\u00f3n que tendr\u00e1n que tomar. Es posible que tampoco necesite cirug\u00eda, pero incluso sin cirug\u00eda, ser\u00e1n un par de meses fuera. Con la cirug\u00eda, es probable que sea de 6 a 8 meses, al menos 6 meses, probablemente m\u00e1s cerca de 8 sin cirug\u00eda. Muy mal momento, nunca es un buen momento para lastimarse, pero especialmente para \u00e9l es el peor momento para lastimarse &#8220;.<\/p>\n","protected":false},"excerpt":{"rendered":"<p>WWE RAW termin\u00f3 esta semana con una lesi\u00f3n que tuvo lugar durante el evento estelar de la noche.<\/p>\n","protected":false},"author":1,"featured_media":119590,"comment_status":"open","ping_status":"closed","sticky":false,"template":"","format":"standard","meta":{"footnotes":""},"categories":[5,38],"tags":[],"class_list":{"0":"post-122015","1":"post","2":"type-post","3":"status-publish","4":"format-standard","5":"has-post-thumbnail","7":"category-noticias","8":"category-noticias-y-rumores-de-la-wwe"},"_links":{"self":[{"href":"https:\/\/www.prwrestling.com\/nw\/wp-json\/wp\/v2\/posts\/122015","targetHints":{"allow":["GET"]}}],"collection":[{"href":"https:\/\/www.prwrestling.com\/nw\/wp-json\/wp\/v2\/posts"}],"about":[{"href":"https:\/\/www.prwrestling.com\/nw\/wp-json\/wp\/v2\/types\/post"}],"author":[{"embeddable":true,"href":"https:\/\/www.prwrestling.com\/nw\/wp-json\/wp\/v2\/users\/1"}],"replies":[{"embeddable":true,"href":"https:\/\/www.prwrestling.com\/nw\/wp-json\/wp\/v2\/comments?post=122015"}],"version-history":[{"count":2,"href":"https:\/\/www.prwrestling.com\/nw\/wp-json\/wp\/v2\/posts\/122015\/revisions"}],"predecessor-version":[{"id":122019,"href":"https:\/\/www.prwrestling.com\/nw\/wp-json\/wp\/v2\/posts\/122015\/revisions\/122019"}],"wp:featuredmedia":[{"embeddable":true,"href":"https:\/\/www.prwrestling.com\/nw\/wp-json\/wp\/v2\/media\/119590"}],"wp:attachment":[{"href":"https:\/\/www.prwrestling.com\/nw\/wp-json\/wp\/v2\/media?parent=122015"}],"wp:term":[{"taxonomy":"category","embeddable":true,"href":"https:\/\/www.prwrestling.com\/nw\/wp-json\/wp\/v2\/categories?post=122015"},{"taxonomy":"post_tag","embeddable":true,"href":"https:\/\/www.prwrestling.com\/nw\/wp-json\/wp\/v2\/tags?post=122015"}],"curies":[{"name":"wp","href":"https:\/\/api.w.org\/{rel}","templated":true}]}}