{"id":122093,"date":"2020-03-14T15:45:36","date_gmt":"2020-03-14T19:45:36","guid":{"rendered":"https:\/\/www.prwrestling.com\/nw\/?p=122093"},"modified":"2020-03-14T15:45:36","modified_gmt":"2020-03-14T19:45:36","slug":"menos-fans-podran-viajar-a-wrestlemania","status":"publish","type":"post","link":"https:\/\/www.prwrestling.com\/nw\/menos-fans-podran-viajar-a-wrestlemania\/","title":{"rendered":"Menos fans podr\u00e1n viajar a WrestleMania"},"content":{"rendered":"<p>El Gobierno de los Estados Unidos extendi\u00f3 su prohibici\u00f3n de viaje de 30 d\u00edas debido a la pandemia de COVID-19 (Coronavirus) a Irlanda y el Reino Unido el d\u00eda de hoy, uni\u00e9ndose a la prohibici\u00f3n inicial de Europa anunciada hace unos d\u00edas. <!--more--><div id=\"ad-slot\" style=\"min-width: 300px; min-height: 250px;\">\r\n<p style=\"text-align: center;\">\r\n<script async src=\"https:\/\/pagead2.googlesyndication.com\/pagead\/js\/adsbygoogle.js\"><\/script>\r\n<!-- 300x250 sc a -->\r\n<ins class=\"adsbygoogle\"\r\n     style=\"display:inline-block;width:300px;height:250px\"\r\n     data-ad-client=\"ca-pub-1244235910658811\"\r\n     data-ad-slot=\"8592682546\"><\/ins>\r\n<script>\r\n     (adsbygoogle = window.adsbygoogle || []).push({});\r\n<\/script><\/center>\r\n<\/p><\/div><br \/>\nLas nuevas restricciones de viaje significan que los fan\u00e1ticos de la WWE de m\u00e1s de 28 pa\u00edses diferentes no podr\u00edan asistir a WrestleMania 36 incluso si el espect\u00e1culo continuara seg\u00fan  programado para el 5 de abril desde el estadio Raymond James en Tampa, Florida.<\/p>\n<p>Funcionarios de la ciudad en Tampa anunciaron recientemente que si WWE no toma una decisi\u00f3n pronto con respecto al &#8220;Show of Shows&#8221;, ellos mismos lo &#8220;desconectar\u00e1n&#8221;. <\/p>\n","protected":false},"excerpt":{"rendered":"<p>El Gobierno de los Estados Unidos extendi\u00f3 su prohibici\u00f3n de viaje de 30 d\u00edas debido a la pandemia de COVID-19 (Coronavirus) a Irlanda y el Reino Unido el d\u00eda de hoy, uni\u00e9ndose a la prohibici\u00f3n inicial de Europa anunciada hace unos d\u00edas.<\/p>\n","protected":false},"author":1,"featured_media":122094,"comment_status":"open","ping_status":"closed","sticky":false,"template":"","format":"standard","meta":{"footnotes":""},"categories":[5,38],"tags":[],"class_list":{"0":"post-122093","1":"post","2":"type-post","3":"status-publish","4":"format-standard","5":"has-post-thumbnail","7":"category-noticias","8":"category-noticias-y-rumores-de-la-wwe"},"_links":{"self":[{"href":"https:\/\/www.prwrestling.com\/nw\/wp-json\/wp\/v2\/posts\/122093","targetHints":{"allow":["GET"]}}],"collection":[{"href":"https:\/\/www.prwrestling.com\/nw\/wp-json\/wp\/v2\/posts"}],"about":[{"href":"https:\/\/www.prwrestling.com\/nw\/wp-json\/wp\/v2\/types\/post"}],"author":[{"embeddable":true,"href":"https:\/\/www.prwrestling.com\/nw\/wp-json\/wp\/v2\/users\/1"}],"replies":[{"embeddable":true,"href":"https:\/\/www.prwrestling.com\/nw\/wp-json\/wp\/v2\/comments?post=122093"}],"version-history":[{"count":1,"href":"https:\/\/www.prwrestling.com\/nw\/wp-json\/wp\/v2\/posts\/122093\/revisions"}],"predecessor-version":[{"id":122095,"href":"https:\/\/www.prwrestling.com\/nw\/wp-json\/wp\/v2\/posts\/122093\/revisions\/122095"}],"wp:featuredmedia":[{"embeddable":true,"href":"https:\/\/www.prwrestling.com\/nw\/wp-json\/wp\/v2\/media\/122094"}],"wp:attachment":[{"href":"https:\/\/www.prwrestling.com\/nw\/wp-json\/wp\/v2\/media?parent=122093"}],"wp:term":[{"taxonomy":"category","embeddable":true,"href":"https:\/\/www.prwrestling.com\/nw\/wp-json\/wp\/v2\/categories?post=122093"},{"taxonomy":"post_tag","embeddable":true,"href":"https:\/\/www.prwrestling.com\/nw\/wp-json\/wp\/v2\/tags?post=122093"}],"curies":[{"name":"wp","href":"https:\/\/api.w.org\/{rel}","templated":true}]}}