{"id":122143,"date":"2020-03-16T17:53:11","date_gmt":"2020-03-16T21:53:11","guid":{"rendered":"https:\/\/www.prwrestling.com\/nw\/?p=122143"},"modified":"2020-03-16T17:53:11","modified_gmt":"2020-03-16T21:53:11","slug":"lawler-dice-los-medios-crean-el-panico-del-coronavirus","status":"publish","type":"post","link":"https:\/\/www.prwrestling.com\/nw\/lawler-dice-los-medios-crean-el-panico-del-coronavirus\/","title":{"rendered":"Lawler dice los medios crean el p\u00e1nico del coronavirus"},"content":{"rendered":"<p>Jerry &#8220;The King&#8221; Lawler fue entrevistado por Kevin Cerrito de Cerrito Live para discutir c\u00f3mo el coronavirus afectar\u00e1 a la WWE y Wrestlemania 36.<!--more--><div id=\"ad-slot\" style=\"min-width: 300px; min-height: 250px;\">\r\n<p style=\"text-align: center;\">\r\n<script async src=\"https:\/\/pagead2.googlesyndication.com\/pagead\/js\/adsbygoogle.js\"><\/script>\r\n<!-- 300x250 sc a -->\r\n<ins class=\"adsbygoogle\"\r\n     style=\"display:inline-block;width:300px;height:250px\"\r\n     data-ad-client=\"ca-pub-1244235910658811\"\r\n     data-ad-slot=\"8592682546\"><\/ins>\r\n<script>\r\n     (adsbygoogle = window.adsbygoogle || []).push({});\r\n<\/script><\/center>\r\n<\/p><\/div><br \/>\nLa vida de Lawler no se ha visto afectada por el virus, mencionando c\u00f3mo un espect\u00e1culo que hizo en Bradley, Tennessee, estaba lleno de fan\u00e1ticos y su tienda local de donas estaba ocupada como siempre a la ma\u00f1ana siguiente. <\/p>\n<p>&#8220;Simplemente creo que los medios est\u00e1n explotando esto, est\u00e1n creando este p\u00e1nico&#8221;, dijo Lawler. &#8220;Sabes que no puedes encontrar papel higi\u00e9nico en ning\u00fan lado. Eso es lo principal que te provoca el coronavirus es hacerte ir al ba\u00f1o un mill\u00f3n de veces al d\u00eda o algo as\u00ed. Aparte de eso, sigo pensando que todav\u00eda siento que esto est\u00e1 volando fuera de proporci\u00f3n y es un p\u00e1nico creado por los medios &#8220;.<\/p>\n<p>Lawler dijo que las empresas que cierran sus operaciones, incluidos los parques tem\u00e1ticos NCAA y Disney, lo hacen en reacci\u00f3n al p\u00e1nico creado por los medios y se burl\u00f3 de la recomendaci\u00f3n del CDC de no volar.<\/p>\n<p>Lawler dijo que no hay cura para el virus, incluso si uno lo contrae, por lo que seguir\u00e1 viviendo su vida. Termin\u00f3 ri\u00e9ndose cuando Cerrito dijo que le preocupa que Lawler vuele.<\/p>\n","protected":false},"excerpt":{"rendered":"<p>Jerry &#8220;The King&#8221; Lawler fue entrevistado por Kevin Cerrito de Cerrito Live para discutir c\u00f3mo el coronavirus afectar\u00e1 a la WWE y Wrestlemania 36.<\/p>\n","protected":false},"author":1,"featured_media":5360,"comment_status":"open","ping_status":"closed","sticky":false,"template":"","format":"standard","meta":{"footnotes":""},"categories":[5,38],"tags":[],"class_list":{"0":"post-122143","1":"post","2":"type-post","3":"status-publish","4":"format-standard","5":"has-post-thumbnail","7":"category-noticias","8":"category-noticias-y-rumores-de-la-wwe"},"_links":{"self":[{"href":"https:\/\/www.prwrestling.com\/nw\/wp-json\/wp\/v2\/posts\/122143","targetHints":{"allow":["GET"]}}],"collection":[{"href":"https:\/\/www.prwrestling.com\/nw\/wp-json\/wp\/v2\/posts"}],"about":[{"href":"https:\/\/www.prwrestling.com\/nw\/wp-json\/wp\/v2\/types\/post"}],"author":[{"embeddable":true,"href":"https:\/\/www.prwrestling.com\/nw\/wp-json\/wp\/v2\/users\/1"}],"replies":[{"embeddable":true,"href":"https:\/\/www.prwrestling.com\/nw\/wp-json\/wp\/v2\/comments?post=122143"}],"version-history":[{"count":1,"href":"https:\/\/www.prwrestling.com\/nw\/wp-json\/wp\/v2\/posts\/122143\/revisions"}],"predecessor-version":[{"id":122144,"href":"https:\/\/www.prwrestling.com\/nw\/wp-json\/wp\/v2\/posts\/122143\/revisions\/122144"}],"wp:featuredmedia":[{"embeddable":true,"href":"https:\/\/www.prwrestling.com\/nw\/wp-json\/wp\/v2\/media\/5360"}],"wp:attachment":[{"href":"https:\/\/www.prwrestling.com\/nw\/wp-json\/wp\/v2\/media?parent=122143"}],"wp:term":[{"taxonomy":"category","embeddable":true,"href":"https:\/\/www.prwrestling.com\/nw\/wp-json\/wp\/v2\/categories?post=122143"},{"taxonomy":"post_tag","embeddable":true,"href":"https:\/\/www.prwrestling.com\/nw\/wp-json\/wp\/v2\/tags?post=122143"}],"curies":[{"name":"wp","href":"https:\/\/api.w.org\/{rel}","templated":true}]}}