{"id":122174,"date":"2020-03-17T18:16:39","date_gmt":"2020-03-17T22:16:39","guid":{"rendered":"https:\/\/www.prwrestling.com\/nw\/?p=122174"},"modified":"2020-03-17T18:20:24","modified_gmt":"2020-03-17T22:20:24","slug":"bully-ray-dice-wwe-podria-beneficiarase-de-celebrar-wrestlemania","status":"publish","type":"post","link":"https:\/\/www.prwrestling.com\/nw\/bully-ray-dice-wwe-podria-beneficiarase-de-celebrar-wrestlemania\/","title":{"rendered":"Bully Ray dice WWE podr\u00eda beneficiarse de celebrar WrestleMania"},"content":{"rendered":"<p>El miembro del Sal\u00f3n de la Fama de la WWE, Bully Ray, recientemente hizo algunos comentarios sobre la WWE y la situaci\u00f3n actual del coronavirus.<!--more--><div id=\"ad-slot\" style=\"min-width: 300px; min-height: 250px;\">\r\n<p style=\"text-align: center;\">\r\n<!-- Site name: prwrestling.com\r\nZone name: prwrestling.com_banner_300x250\r\nZone id: 2109741734\r\nType: banner\r\nFormat: 300x250\r\n --> \r\n\r\n<!-- Copy and paste this code on the page. -->\r\n<div id='zone_2109741734' ><\/div>\r\n<script>\r\n    (function(w,d,o,g,r,a,m){\r\n        var cid='zone_2109741734';\r\n        w[r]=w[r]||function(){(w[r+'l']=w[r+'l']||[]).push(arguments)};\r\n        function e(b,w,r){if((w[r+'h']=b.pop())&&!w.ABN){\r\n            var a=d.createElement(o),p=d.getElementsByTagName(o)[0];a.async=1;\r\n            a.src='https:\/\/cdn.'+w[r+'h']+'\/libs\/e.js';a.onerror=function(){e(g,w,r)};\r\n            p.parentNode.insertBefore(a,p)}}e(g,w,r);\r\n        w[r](cid,{id:2109741734,domain:w[r+'h']});\r\n    })(window,document,'script',['traffmovie.com'],'ABNS');\r\n<\/script>\r\n\r\n<!--\r\nWhen setting the zone code, make sure:\r\n  - you have provided all domains from which the area code will be called\r\n  - the site does not limit the loading in the Content Security Policy\r\n  - the area code is installed in the ad space inside the page\r\n  - site layout allows you to display the banner on mobile devices in full size\r\nUse data-cp1={customParam1} data-cp2={customParam2}... attributes for sending custom params\r\n-->\r\n<\/p><\/div><br \/>\n&#8220;Creo que en realidad va a ayudar a la lucha libre profesional y a la WWE de una manera interesante. Eso, no estoy muy seguro de que la gente lo est\u00e9 viendo.&#8221;<\/p>\n<p>&#8220;Esto se debe a que ahora existe la oportunidad de tener m\u00e1s ojos puestos en WrestleMania que nunca antes. Porque, como saben, no hay otros eventos deportivos celebr\u00e1ndose, y todo el mundo est\u00e1 en sus hogares. Nadie se aventura afuera. Entonces, conoces a personas que no han visto la lucha libre en los \u00faltimos 10 o 15 a\u00f1os y, obviamente, alg\u00fan fan\u00e1tico de la lucha libre va a sintonizar WrestleMania 36 porque realmente no hay otras opciones, &#8221; dijo.<\/p>\n","protected":false},"excerpt":{"rendered":"<p>El miembro del Sal\u00f3n de la Fama de la WWE, Bully Ray, recientemente hizo algunos comentarios sobre la WWE y la situaci\u00f3n actual del coronavirus.<\/p>\n","protected":false},"author":1,"featured_media":4142,"comment_status":"open","ping_status":"closed","sticky":false,"template":"","format":"standard","meta":{"footnotes":""},"categories":[5,38],"tags":[9],"class_list":["post-122174","post","type-post","status-publish","format-standard","has-post-thumbnail","category-noticias","category-noticias-y-rumores-de-la-wwe","tag-wwe"],"_links":{"self":[{"href":"https:\/\/www.prwrestling.com\/nw\/wp-json\/wp\/v2\/posts\/122174","targetHints":{"allow":["GET"]}}],"collection":[{"href":"https:\/\/www.prwrestling.com\/nw\/wp-json\/wp\/v2\/posts"}],"about":[{"href":"https:\/\/www.prwrestling.com\/nw\/wp-json\/wp\/v2\/types\/post"}],"author":[{"embeddable":true,"href":"https:\/\/www.prwrestling.com\/nw\/wp-json\/wp\/v2\/users\/1"}],"replies":[{"embeddable":true,"href":"https:\/\/www.prwrestling.com\/nw\/wp-json\/wp\/v2\/comments?post=122174"}],"version-history":[{"count":2,"href":"https:\/\/www.prwrestling.com\/nw\/wp-json\/wp\/v2\/posts\/122174\/revisions"}],"predecessor-version":[{"id":122177,"href":"https:\/\/www.prwrestling.com\/nw\/wp-json\/wp\/v2\/posts\/122174\/revisions\/122177"}],"wp:featuredmedia":[{"embeddable":true,"href":"https:\/\/www.prwrestling.com\/nw\/wp-json\/wp\/v2\/media\/4142"}],"wp:attachment":[{"href":"https:\/\/www.prwrestling.com\/nw\/wp-json\/wp\/v2\/media?parent=122174"}],"wp:term":[{"taxonomy":"category","embeddable":true,"href":"https:\/\/www.prwrestling.com\/nw\/wp-json\/wp\/v2\/categories?post=122174"},{"taxonomy":"post_tag","embeddable":true,"href":"https:\/\/www.prwrestling.com\/nw\/wp-json\/wp\/v2\/tags?post=122174"}],"curies":[{"name":"wp","href":"https:\/\/api.w.org\/{rel}","templated":true}]}}