{"id":122189,"date":"2020-03-18T19:26:16","date_gmt":"2020-03-18T23:26:16","guid":{"rendered":"https:\/\/www.prwrestling.com\/nw\/?p=122189"},"modified":"2020-03-18T19:34:57","modified_gmt":"2020-03-18T23:34:57","slug":"wwe-anuncia-wreslemania-se-dividira-en-dos-noches","status":"publish","type":"post","link":"https:\/\/www.prwrestling.com\/nw\/wwe-anuncia-wreslemania-se-dividira-en-dos-noches\/","title":{"rendered":"WWE anuncia WrestleMania se dividir\u00e1 en dos noches"},"content":{"rendered":"<p>WWE anunci\u00f3 hoy que WrestleMania 36 ahora tendr\u00e1 &#8220;una presentaci\u00f3n hist\u00f3rica&#8221; de dos noches en WWE Network con el ex Patriot de Nueva Inglaterra Rob Gronkowski de anfitri\u00f3n\u00a0a las 7 p.m. ET \/ 4 p.m. PT el s\u00e1bado 4 de abril y el domingo 5 de abril.<!--more--><div id=\"ad-slot\" style=\"min-width: 300px; min-height: 250px;\">\r\n<p style=\"text-align: center;\">\r\n<script async src=\"https:\/\/pagead2.googlesyndication.com\/pagead\/js\/adsbygoogle.js\"><\/script>\r\n<!-- 300x250 sc a -->\r\n<ins class=\"adsbygoogle\"\r\n     style=\"display:inline-block;width:300px;height:250px\"\r\n     data-ad-client=\"ca-pub-1244235910658811\"\r\n     data-ad-slot=\"8592682546\"><\/ins>\r\n<script>\r\n     (adsbygoogle = window.adsbygoogle || []).push({});\r\n<\/script><\/center>\r\n<\/p><\/div><br \/>\nLa edici\u00f3n 2020 del &#8220;Showcase of the Immortals&#8221; har\u00e1 historia como la primera en abarcar varios d\u00edas. Se especula que una posible raz\u00f3n de este anuncio es para la empresa\u00a0 controlar el n\u00famero de personas presente entre talentos y producci\u00f3n ante la pandemia del coronavirus.<\/p>\n<p>A principios de esta semana, se anunci\u00f3 que WrestleMania 36 emanar\u00eda del WWE Performance Center en Orlando y que solo el personal esencial estar\u00e1 en el set cerrado durante la producci\u00f3n.<\/p>\n","protected":false},"excerpt":{"rendered":"<p>WWE anunci\u00f3 hoy que WrestleMania 36 ahora tendr\u00e1 &#8220;una presentaci\u00f3n hist\u00f3rica&#8221; de dos noches en WWE Network con el ex Patriot de Nueva Inglaterra Rob Gronkowski de anfitri\u00f3n\u00a0a las 7 p.m. ET \/ 4 p.m. PT el s\u00e1bado 4 de abril y el domingo 5 de abril.<\/p>\n","protected":false},"author":1,"featured_media":122195,"comment_status":"open","ping_status":"closed","sticky":false,"template":"","format":"standard","meta":{"footnotes":""},"categories":[5,38],"tags":[],"class_list":{"0":"post-122189","1":"post","2":"type-post","3":"status-publish","4":"format-standard","5":"has-post-thumbnail","7":"category-noticias","8":"category-noticias-y-rumores-de-la-wwe"},"_links":{"self":[{"href":"https:\/\/www.prwrestling.com\/nw\/wp-json\/wp\/v2\/posts\/122189","targetHints":{"allow":["GET"]}}],"collection":[{"href":"https:\/\/www.prwrestling.com\/nw\/wp-json\/wp\/v2\/posts"}],"about":[{"href":"https:\/\/www.prwrestling.com\/nw\/wp-json\/wp\/v2\/types\/post"}],"author":[{"embeddable":true,"href":"https:\/\/www.prwrestling.com\/nw\/wp-json\/wp\/v2\/users\/1"}],"replies":[{"embeddable":true,"href":"https:\/\/www.prwrestling.com\/nw\/wp-json\/wp\/v2\/comments?post=122189"}],"version-history":[{"count":4,"href":"https:\/\/www.prwrestling.com\/nw\/wp-json\/wp\/v2\/posts\/122189\/revisions"}],"predecessor-version":[{"id":122194,"href":"https:\/\/www.prwrestling.com\/nw\/wp-json\/wp\/v2\/posts\/122189\/revisions\/122194"}],"wp:featuredmedia":[{"embeddable":true,"href":"https:\/\/www.prwrestling.com\/nw\/wp-json\/wp\/v2\/media\/122195"}],"wp:attachment":[{"href":"https:\/\/www.prwrestling.com\/nw\/wp-json\/wp\/v2\/media?parent=122189"}],"wp:term":[{"taxonomy":"category","embeddable":true,"href":"https:\/\/www.prwrestling.com\/nw\/wp-json\/wp\/v2\/categories?post=122189"},{"taxonomy":"post_tag","embeddable":true,"href":"https:\/\/www.prwrestling.com\/nw\/wp-json\/wp\/v2\/tags?post=122189"}],"curies":[{"name":"wp","href":"https:\/\/api.w.org\/{rel}","templated":true}]}}