{"id":122381,"date":"2020-03-25T18:22:38","date_gmt":"2020-03-25T22:22:38","guid":{"rendered":"https:\/\/www.prwrestling.com\/nw\/?p=122381"},"modified":"2020-03-25T18:22:38","modified_gmt":"2020-03-25T22:22:38","slug":"bella-admite-estar-nerviosa-de-que-bryan-luche","status":"publish","type":"post","link":"https:\/\/www.prwrestling.com\/nw\/bella-admite-estar-nerviosa-de-que-bryan-luche\/","title":{"rendered":"Bella admite estar nerviosa de que Bryan luche"},"content":{"rendered":"<p>En el \u00faltimo episodio del podcast de Bella Twins, Brie Bella habl\u00f3 sobre la pandemia de Coronavirus y sobre la enfermedad autoinmune de su esposo, Daniel Bryan.<!--more--><div id=\"ad-slot\" style=\"min-width: 300px; min-height: 250px;\">\r\n<p style=\"text-align: center;\">\r\n<script async src=\"https:\/\/pagead2.googlesyndication.com\/pagead\/js\/adsbygoogle.js\"><\/script>\r\n<!-- 300x250 sc a -->\r\n<ins class=\"adsbygoogle\"\r\n     style=\"display:inline-block;width:300px;height:250px\"\r\n     data-ad-client=\"ca-pub-1244235910658811\"\r\n     data-ad-slot=\"8592682546\"><\/ins>\r\n<script>\r\n     (adsbygoogle = window.adsbygoogle || []).push({});\r\n<\/script><\/center>\r\n<\/p><\/div><br \/>\nBella admite que el brote viral la pone nerviosa, especialmente porque todav\u00eda Bryan est\u00e1 trabajando.<\/p>\n<p>&#8220;Tengo que decir que mi esposo todav\u00eda est\u00e1 trabajando y que ahora est\u00e1 en Orlando, y dado que est\u00e1 trabajando, tiene un trabajo, pero me pone muy nerviosa &#8220;, explic\u00f3 Brie.<\/p>\n<p>\u201cMi esposo tiene una enfermedad autoinmune, tambi\u00e9n luch\u00f3 muy mal contra el asma cuando era joven. Siempre estaba enfermo cuando era ni\u00f1o y lo admito &#8230; perd\u00ed el sue\u00f1o anoche. Estoy agradecida de que mi esposo todav\u00eda est\u00e9 empleado, pero al mismo tiempo, tengo mucho miedo de que \u00e9l est\u00e9 ah\u00ed afuera. Solo rezo tanto por \u00e9l que se mantienga saludable y todo eso, pero es como este extra\u00f1o tira y jala,&#8221; dijo.<\/p>\n","protected":false},"excerpt":{"rendered":"<p>En el \u00faltimo episodio del podcast de Bella Twins, Brie Bella habl\u00f3 sobre la pandemia de Coronavirus y sobre la enfermedad autoinmune de su esposo, Daniel Bryan.<\/p>\n","protected":false},"author":1,"featured_media":482,"comment_status":"open","ping_status":"closed","sticky":false,"template":"","format":"standard","meta":{"footnotes":""},"categories":[5,38],"tags":[],"class_list":{"0":"post-122381","1":"post","2":"type-post","3":"status-publish","4":"format-standard","5":"has-post-thumbnail","7":"category-noticias","8":"category-noticias-y-rumores-de-la-wwe"},"_links":{"self":[{"href":"https:\/\/www.prwrestling.com\/nw\/wp-json\/wp\/v2\/posts\/122381","targetHints":{"allow":["GET"]}}],"collection":[{"href":"https:\/\/www.prwrestling.com\/nw\/wp-json\/wp\/v2\/posts"}],"about":[{"href":"https:\/\/www.prwrestling.com\/nw\/wp-json\/wp\/v2\/types\/post"}],"author":[{"embeddable":true,"href":"https:\/\/www.prwrestling.com\/nw\/wp-json\/wp\/v2\/users\/1"}],"replies":[{"embeddable":true,"href":"https:\/\/www.prwrestling.com\/nw\/wp-json\/wp\/v2\/comments?post=122381"}],"version-history":[{"count":1,"href":"https:\/\/www.prwrestling.com\/nw\/wp-json\/wp\/v2\/posts\/122381\/revisions"}],"predecessor-version":[{"id":122382,"href":"https:\/\/www.prwrestling.com\/nw\/wp-json\/wp\/v2\/posts\/122381\/revisions\/122382"}],"wp:featuredmedia":[{"embeddable":true,"href":"https:\/\/www.prwrestling.com\/nw\/wp-json\/wp\/v2\/media\/482"}],"wp:attachment":[{"href":"https:\/\/www.prwrestling.com\/nw\/wp-json\/wp\/v2\/media?parent=122381"}],"wp:term":[{"taxonomy":"category","embeddable":true,"href":"https:\/\/www.prwrestling.com\/nw\/wp-json\/wp\/v2\/categories?post=122381"},{"taxonomy":"post_tag","embeddable":true,"href":"https:\/\/www.prwrestling.com\/nw\/wp-json\/wp\/v2\/tags?post=122381"}],"curies":[{"name":"wp","href":"https:\/\/api.w.org\/{rel}","templated":true}]}}