{"id":122422,"date":"2020-03-27T00:36:54","date_gmt":"2020-03-27T04:36:54","guid":{"rendered":"https:\/\/www.prwrestling.com\/nw\/?p=122422"},"modified":"2020-03-27T00:44:43","modified_gmt":"2020-03-27T04:44:43","slug":"reporte-roman-reigns-no-luchara-en-wrestlemania","status":"publish","type":"post","link":"https:\/\/www.prwrestling.com\/nw\/reporte-roman-reigns-no-luchara-en-wrestlemania\/","title":{"rendered":"Reporte: Roman Reigns no luchar\u00e1 en WrestleMania"},"content":{"rendered":"<p>En el Wrestling Observer de esta semana, Dave Meltzer inform\u00f3 que el cartel de WrestleMania 36 est\u00e1 experimentando cambios debido a las preocupaciones sobre la pandemia del coronavirus.<!--more--><div id=\"ad-slot\" style=\"min-width: 300px; min-height: 250px;\">\r\n<p style=\"text-align: center;\">\r\n<script async src=\"https:\/\/pagead2.googlesyndication.com\/pagead\/js\/adsbygoogle.js\"><\/script>\r\n<!-- 300x250 sc a -->\r\n<ins class=\"adsbygoogle\"\r\n     style=\"display:inline-block;width:300px;height:250px\"\r\n     data-ad-client=\"ca-pub-1244235910658811\"\r\n     data-ad-slot=\"8592682546\"><\/ins>\r\n<script>\r\n     (adsbygoogle = window.adsbygoogle || []).push({});\r\n<\/script><\/center>\r\n<\/p><\/div><br \/>\nCitando fuentes con conocimiento de la situaci\u00f3n, Ryan Satin de <a href=\"https:\/\/www.prowrestlingsheet.com\/roman-reigns-out-of-wrestlemania-36-match\/#.Xn1Z39NKiwV\" target=\"_blank\" rel=\"noopener\">Pro Wrestling Sheet<\/a> inform\u00f3 el jueves en la noche que Roman Reigns no luchar\u00e1 contra el Campe\u00f3n Universal de la WWE Bill Goldberg debido a preocupaciones de salud relacionadas con su sistema inmunol\u00f3gico comprometido por su condici\u00f3n de leucemia.<\/p>\n<p>Satin dijo que Goldberg todav\u00eda estar\u00e1 en el show, pero su oponente no est\u00e1 claro.<\/p>\n<p><strong>Pueden venir m\u00e1s cambios<\/strong><\/p>\n<p>Meltzer ademas reporta que varias personas pautadas para estar en acci\u00f3n dijeron que estaban enfermas, y se retiraron instant\u00e1neamente de todos los shows esta semana, hubo otros que no se sintieron enfermos pero ten\u00edan fiebre por encima de 100.4, que era el punto de corte para la WWE de no permitir que los talentos trabajaran, y otros que, por su propia cuenta, dijeron que no se sent\u00edan c\u00f3modos volando a Orlando y\/o las otras instalaciones en donde se iban a celebrar las luchas.<\/p>\n","protected":false},"excerpt":{"rendered":"<p>En el Wrestling Observer de esta semana, Dave Meltzer inform\u00f3 que el cartel de WrestleMania 36 est\u00e1 experimentando cambios debido a las preocupaciones sobre la pandemia del coronavirus.<\/p>\n","protected":false},"author":1,"featured_media":115137,"comment_status":"open","ping_status":"closed","sticky":false,"template":"","format":"standard","meta":{"footnotes":""},"categories":[5,38],"tags":[],"class_list":{"0":"post-122422","1":"post","2":"type-post","3":"status-publish","4":"format-standard","5":"has-post-thumbnail","7":"category-noticias","8":"category-noticias-y-rumores-de-la-wwe"},"_links":{"self":[{"href":"https:\/\/www.prwrestling.com\/nw\/wp-json\/wp\/v2\/posts\/122422","targetHints":{"allow":["GET"]}}],"collection":[{"href":"https:\/\/www.prwrestling.com\/nw\/wp-json\/wp\/v2\/posts"}],"about":[{"href":"https:\/\/www.prwrestling.com\/nw\/wp-json\/wp\/v2\/types\/post"}],"author":[{"embeddable":true,"href":"https:\/\/www.prwrestling.com\/nw\/wp-json\/wp\/v2\/users\/1"}],"replies":[{"embeddable":true,"href":"https:\/\/www.prwrestling.com\/nw\/wp-json\/wp\/v2\/comments?post=122422"}],"version-history":[{"count":3,"href":"https:\/\/www.prwrestling.com\/nw\/wp-json\/wp\/v2\/posts\/122422\/revisions"}],"predecessor-version":[{"id":122426,"href":"https:\/\/www.prwrestling.com\/nw\/wp-json\/wp\/v2\/posts\/122422\/revisions\/122426"}],"wp:featuredmedia":[{"embeddable":true,"href":"https:\/\/www.prwrestling.com\/nw\/wp-json\/wp\/v2\/media\/115137"}],"wp:attachment":[{"href":"https:\/\/www.prwrestling.com\/nw\/wp-json\/wp\/v2\/media?parent=122422"}],"wp:term":[{"taxonomy":"category","embeddable":true,"href":"https:\/\/www.prwrestling.com\/nw\/wp-json\/wp\/v2\/categories?post=122422"},{"taxonomy":"post_tag","embeddable":true,"href":"https:\/\/www.prwrestling.com\/nw\/wp-json\/wp\/v2\/tags?post=122422"}],"curies":[{"name":"wp","href":"https:\/\/api.w.org\/{rel}","templated":true}]}}