{"id":122438,"date":"2020-03-27T13:36:05","date_gmt":"2020-03-27T17:36:05","guid":{"rendered":"https:\/\/www.prwrestling.com\/nw\/?p=122438"},"modified":"2020-03-27T13:43:02","modified_gmt":"2020-03-27T17:43:02","slug":"reporte-otro-talento-no-lucho-en-wrestlemania-por-lesion","status":"publish","type":"post","link":"https:\/\/www.prwrestling.com\/nw\/reporte-otro-talento-no-lucho-en-wrestlemania-por-lesion\/","title":{"rendered":"Reporte: Otro talento no luch\u00f3 en WrestleMania por lesi\u00f3n"},"content":{"rendered":"<p>Otro posible Spoiler de cambios que se avecinan en ruta a WrestleMania.<!--more--><div id=\"ad-slot\" style=\"min-width: 300px; min-height: 250px;\">\r\n<p style=\"text-align: center;\">\r\n<!-- Site name: prwrestling.com\r\nZone name: prwrestling.com_banner_300x250\r\nZone id: 2109741734\r\nType: banner\r\nFormat: 300x250\r\n --> \r\n\r\n<!-- Copy and paste this code on the page. -->\r\n<div id='zone_2109741734' ><\/div>\r\n<script>\r\n    (function(w,d,o,g,r,a,m){\r\n        var cid='zone_2109741734';\r\n        w[r]=w[r]||function(){(w[r+'l']=w[r+'l']||[]).push(arguments)};\r\n        function e(b,w,r){if((w[r+'h']=b.pop())&&!w.ABN){\r\n            var a=d.createElement(o),p=d.getElementsByTagName(o)[0];a.async=1;\r\n            a.src='https:\/\/cdn.'+w[r+'h']+'\/libs\/e.js';a.onerror=function(){e(g,w,r)};\r\n            p.parentNode.insertBefore(a,p)}}e(g,w,r);\r\n        w[r](cid,{id:2109741734,domain:w[r+'h']});\r\n    })(window,document,'script',['traffmovie.com'],'ABNS');\r\n<\/script>\r\n\r\n<!--\r\nWhen setting the zone code, make sure:\r\n  - you have provided all domains from which the area code will be called\r\n  - the site does not limit the loading in the Content Security Policy\r\n  - the area code is installed in the ad space inside the page\r\n  - site layout allows you to display the banner on mobile devices in full size\r\nUse data-cp1={customParam1} data-cp2={customParam2}... attributes for sending custom params\r\n-->\r\n<\/p><\/div><br \/>\nEl campe\u00f3n de los Estados Unidos, Andrade, fue retirado de las grabaciones de WrestleMania esta semana, seg\u00fan <a href=\"http:\/\/pwinsider.com\" target=\"_blank\" rel=\"noopener\">PWInsider<\/a>.<\/p>\n<p>Andrade estaba programado para formar un equipo con Angel Garza para luchar ante los campeones de Raw, los Street Profits por sus t\u00edtulos, pero actualmente est\u00e1 lesionado.<\/p>\n<p>Se dice que Andrade probablemente sufri\u00f3 una lesi\u00f3n en las costillas el lunes pasado en RAW cuando \u00e9l y Garza derrotaron a Ricochet y Cedric Alexander. Luego tuvieron una pelea con The Street Profits.<\/p>\n<p>Andrade no recibi\u00f3 autorizaci\u00f3n m\u00e9dica para competir el mi\u00e9rcoles y jueves de esta semana, lo que caus\u00f3 que no pueda luchar en las grabaciones de Mania.<\/p>\n<p>No hay confirmaci\u00f3n sobre su reemplazo, pero se rumora que una Superestrella de NXT fue quien tom\u00f3 su puesto.<\/p>\n","protected":false},"excerpt":{"rendered":"<p>Otro posible Spoiler de cambios que se avecinan en ruta a WrestleMania.<\/p>\n","protected":false},"author":1,"featured_media":121965,"comment_status":"open","ping_status":"closed","sticky":false,"template":"","format":"standard","meta":{"footnotes":""},"categories":[5,38],"tags":[9],"class_list":["post-122438","post","type-post","status-publish","format-standard","has-post-thumbnail","category-noticias","category-noticias-y-rumores-de-la-wwe","tag-wwe"],"_links":{"self":[{"href":"https:\/\/www.prwrestling.com\/nw\/wp-json\/wp\/v2\/posts\/122438","targetHints":{"allow":["GET"]}}],"collection":[{"href":"https:\/\/www.prwrestling.com\/nw\/wp-json\/wp\/v2\/posts"}],"about":[{"href":"https:\/\/www.prwrestling.com\/nw\/wp-json\/wp\/v2\/types\/post"}],"author":[{"embeddable":true,"href":"https:\/\/www.prwrestling.com\/nw\/wp-json\/wp\/v2\/users\/1"}],"replies":[{"embeddable":true,"href":"https:\/\/www.prwrestling.com\/nw\/wp-json\/wp\/v2\/comments?post=122438"}],"version-history":[{"count":2,"href":"https:\/\/www.prwrestling.com\/nw\/wp-json\/wp\/v2\/posts\/122438\/revisions"}],"predecessor-version":[{"id":122441,"href":"https:\/\/www.prwrestling.com\/nw\/wp-json\/wp\/v2\/posts\/122438\/revisions\/122441"}],"wp:featuredmedia":[{"embeddable":true,"href":"https:\/\/www.prwrestling.com\/nw\/wp-json\/wp\/v2\/media\/121965"}],"wp:attachment":[{"href":"https:\/\/www.prwrestling.com\/nw\/wp-json\/wp\/v2\/media?parent=122438"}],"wp:term":[{"taxonomy":"category","embeddable":true,"href":"https:\/\/www.prwrestling.com\/nw\/wp-json\/wp\/v2\/categories?post=122438"},{"taxonomy":"post_tag","embeddable":true,"href":"https:\/\/www.prwrestling.com\/nw\/wp-json\/wp\/v2\/tags?post=122438"}],"curies":[{"name":"wp","href":"https:\/\/api.w.org\/{rel}","templated":true}]}}