{"id":122522,"date":"2020-03-30T16:08:10","date_gmt":"2020-03-30T20:08:10","guid":{"rendered":"https:\/\/www.prwrestling.com\/nw\/?p=122522"},"modified":"2020-03-30T16:25:35","modified_gmt":"2020-03-30T20:25:35","slug":"roman-reigns-habla-de-su-decision-de-no-luchar-en-wrestlemania","status":"publish","type":"post","link":"https:\/\/www.prwrestling.com\/nw\/roman-reigns-habla-de-su-decision-de-no-luchar-en-wrestlemania\/","title":{"rendered":"Roman Reigns habla de su decisi\u00f3n de no luchar en WrestleMania"},"content":{"rendered":"<p>El \u201cBig Dog\u201d public\u00f3 un video en <a href=\"http:\/\/instagrram.com\" target=\"_blank\" rel=\"noopener\">Instagram<\/a> para dar su versi\u00f3n de la historia sobre su decisi\u00f3n de no luchar en WrestleMania. <!--more--> <div id=\"ad-slot\" style=\"min-width: 300px; min-height: 250px;\">\r\n<p style=\"text-align: center;\">\r\n<script async src=\"https:\/\/pagead2.googlesyndication.com\/pagead\/js\/adsbygoogle.js\"><\/script>\r\n<!-- 300x250 sc a -->\r\n<ins class=\"adsbygoogle\"\r\n     style=\"display:inline-block;width:300px;height:250px\"\r\n     data-ad-client=\"ca-pub-1244235910658811\"\r\n     data-ad-slot=\"8592682546\"><\/ins>\r\n<script>\r\n     (adsbygoogle = window.adsbygoogle || []).push({});\r\n<\/script><\/center>\r\n<\/p><\/div><br \/>\nReigns dijo que ten\u00eda mucho tiempo para pensar en c\u00f3mo quiere &#8220;actuar y ser tratado&#8221;. Dijo que no sabemos qu\u00e9 est\u00e1 pasando con todos y que es importante entender que &#8220;es bueno ser amable&#8221;.<\/p>\n<p>Roman luego confirma que decidi\u00f3 no luchar en WrestleMania y dijo jocosamente que es divertido porque durante a\u00f1os los fan\u00e1ticos le han dicho que no est\u00e9 en WrestleMania. Ahora que toma una decision por su familia, est\u00e1n molestos por eso, &#8220;pero no saben la historia entera, no saben si tengo reci\u00e9n nacidos, u otros miembros en mi familia&#8221;.<\/p>\n<p>\u201cNo soy perfecto, puedo ser hasta \u201chater\u201d a veces, pero no me enfoco en otros odi\u00e1ndome y en traer negatividad a otros,\u201d dijo sobre los comentarios hacia el y el mundo en general ante la situaci\u00f3n actual.<\/p>\n<p>Reigns luego se disculp\u00f3 por no poder luchar y confirm\u00f3 que lleg\u00f3 a Orlando y tuvo que tomar la decisi\u00f3n, pero eso no le resta a lo que har\u00e1, y aun ama la lucha libre.<\/p>\n<p>Puedes ver el video de sus expresiones abajo:<br \/>\n<!-- Shortcode [b] does not exist --><\/p>\n<blockquote class=\"instagram-media\" style=\"background: #FFF; border: 0; border-radius: 3px; box-shadow: 0 0 1px 0 rgba(0,0,0,0.5),0 1px 10px 0 rgba(0,0,0,0.15); margin: 1px; max-width: 540px; min-width: 326px; padding: 0; width: calc(100% - 2px);\" data-instgrm-captioned=\"\" data-instgrm-permalink=\"https:\/\/www.instagram.com\/tv\/B-XfVlypZLi\/?utm_source=ig_embed&amp;utm_campaign=loading\" data-instgrm-version=\"12\">\n<div style=\"padding: 16px;\">\n<p>&nbsp;<\/p>\n<div style=\"display: flex; flex-direction: row; align-items: center;\">\n<div style=\"background-color: #f4f4f4; border-radius: 50%; flex-grow: 0; height: 40px; margin-right: 14px; width: 40px;\"><\/div>\n<div style=\"display: flex; flex-direction: column; flex-grow: 1; justify-content: center;\">\n<div style=\"background-color: #f4f4f4; border-radius: 4px; flex-grow: 0; height: 14px; margin-bottom: 6px; width: 100px;\"><\/div>\n<div style=\"background-color: #f4f4f4; border-radius: 4px; flex-grow: 0; height: 14px; width: 60px;\"><\/div>\n<\/div>\n<\/div>\n<div style=\"padding: 19% 0;\"><\/div>\n<div style=\"display: block; height: 50px; margin: 0 auto 12px; width: 50px;\"><\/div>\n<div style=\"padding-top: 8px;\">\n<div style=\"color: #3897f0; font-family: Arial,sans-serif; font-size: 14px; font-style: normal; font-weight: 550; line-height: 18px;\">View this post on Instagram<\/div>\n<\/div>\n<div style=\"padding: 12.5% 0;\"><\/div>\n<div style=\"display: flex; flex-direction: row; margin-bottom: 14px; align-items: center;\">\n<div>\n<div style=\"background-color: #f4f4f4; border-radius: 50%; height: 12.5px; width: 12.5px; transform: translateX(0px) translateY(7px);\"><\/div>\n<div style=\"background-color: #f4f4f4; height: 12.5px; transform: rotate(-45deg) translateX(3px) translateY(1px); width: 12.5px; flex-grow: 0; margin-right: 14px; margin-left: 2px;\"><\/div>\n<div style=\"background-color: #f4f4f4; border-radius: 50%; height: 12.5px; width: 12.5px; transform: translateX(9px) translateY(-18px);\"><\/div>\n<\/div>\n<div style=\"margin-left: 8px;\">\n<div style=\"background-color: #f4f4f4; border-radius: 50%; flex-grow: 0; height: 20px; width: 20px;\"><\/div>\n<div style=\"width: 0; height: 0; border-top: 2px solid transparent; border-left: 6px solid #f4f4f4; border-bottom: 2px solid transparent; transform: translateX(16px) translateY(-4px) rotate(30deg);\"><\/div>\n<\/div>\n<div style=\"margin-left: auto;\">\n<div style=\"width: 0px; border-top: 8px solid #F4F4F4; border-right: 8px solid transparent; transform: translateY(16px);\"><\/div>\n<div style=\"background-color: #f4f4f4; flex-grow: 0; height: 12px; width: 16px; transform: translateY(-4px);\"><\/div>\n<div style=\"width: 0; height: 0; border-top: 8px solid #F4F4F4; border-left: 8px solid transparent; transform: translateY(-4px) translateX(8px);\"><\/div>\n<\/div>\n<\/div>\n<p>&nbsp;<\/p>\n<p style=\"margin: 8px 0 0 0; padding: 0 4px;\"><a style=\"color: #000; font-family: Arial,sans-serif; font-size: 14px; font-style: normal; font-weight: normal; line-height: 17px; text-decoration: none; word-wrap: break-word;\" href=\"https:\/\/www.instagram.com\/tv\/B-XfVlypZLi\/?utm_source=ig_embed&amp;utm_campaign=loading\" target=\"_blank\" rel=\"noopener\">Just piggy backing my boy @flex_lewis \u2018s thoughts on kindness and being thoughtful to others. Along with a brief explanation of what\u2019s going on with me. Unity and accountability to this crazy power of connectivity. Be safe y\u2019all and hands off them faces! Ah yessir.<\/a><\/p>\n<p style=\"color: #c9c8cd; font-family: Arial,sans-serif; font-size: 14px; line-height: 17px; margin-bottom: 0; margin-top: 8px; overflow: hidden; padding: 8px 0 7px; text-align: center; text-overflow: ellipsis; white-space: nowrap;\">A post shared by <a style=\"color: #c9c8cd; font-family: Arial,sans-serif; font-size: 14px; font-style: normal; font-weight: normal; line-height: 17px;\" href=\"https:\/\/www.instagram.com\/romanreigns\/?utm_source=ig_embed&amp;utm_campaign=loading\" target=\"_blank\" rel=\"noopener\"> Joe Anoai aka \u201cRoman Reigns\u201d<\/a> (@romanreigns) on <time style=\"font-family: Arial,sans-serif; font-size: 14px; line-height: 17px;\" datetime=\"2020-03-30T18:05:46+00:00\">Mar 30, 2020 at 11:05am PDT<\/time><\/p>\n<\/div>\n<\/blockquote>\n<p><script async src=\"\/\/www.instagram.com\/embed.js\"><\/script><\/p>\n","protected":false},"excerpt":{"rendered":"<p>El \u201cBig Dog\u201d public\u00f3 un video en Instagram para dar su versi\u00f3n de la historia sobre su decisi\u00f3n de no luchar en WrestleMania.<\/p>\n","protected":false},"author":1,"featured_media":122531,"comment_status":"open","ping_status":"closed","sticky":false,"template":"","format":"standard","meta":{"footnotes":""},"categories":[5,38],"tags":[9],"class_list":{"0":"post-122522","1":"post","2":"type-post","3":"status-publish","4":"format-standard","5":"has-post-thumbnail","7":"category-noticias","8":"category-noticias-y-rumores-de-la-wwe","9":"tag-wwe"},"_links":{"self":[{"href":"https:\/\/www.prwrestling.com\/nw\/wp-json\/wp\/v2\/posts\/122522","targetHints":{"allow":["GET"]}}],"collection":[{"href":"https:\/\/www.prwrestling.com\/nw\/wp-json\/wp\/v2\/posts"}],"about":[{"href":"https:\/\/www.prwrestling.com\/nw\/wp-json\/wp\/v2\/types\/post"}],"author":[{"embeddable":true,"href":"https:\/\/www.prwrestling.com\/nw\/wp-json\/wp\/v2\/users\/1"}],"replies":[{"embeddable":true,"href":"https:\/\/www.prwrestling.com\/nw\/wp-json\/wp\/v2\/comments?post=122522"}],"version-history":[{"count":9,"href":"https:\/\/www.prwrestling.com\/nw\/wp-json\/wp\/v2\/posts\/122522\/revisions"}],"predecessor-version":[{"id":122534,"href":"https:\/\/www.prwrestling.com\/nw\/wp-json\/wp\/v2\/posts\/122522\/revisions\/122534"}],"wp:featuredmedia":[{"embeddable":true,"href":"https:\/\/www.prwrestling.com\/nw\/wp-json\/wp\/v2\/media\/122531"}],"wp:attachment":[{"href":"https:\/\/www.prwrestling.com\/nw\/wp-json\/wp\/v2\/media?parent=122522"}],"wp:term":[{"taxonomy":"category","embeddable":true,"href":"https:\/\/www.prwrestling.com\/nw\/wp-json\/wp\/v2\/categories?post=122522"},{"taxonomy":"post_tag","embeddable":true,"href":"https:\/\/www.prwrestling.com\/nw\/wp-json\/wp\/v2\/tags?post=122522"}],"curies":[{"name":"wp","href":"https:\/\/api.w.org\/{rel}","templated":true}]}}